{"id":291886,"date":"2026-09-04T17:14:11","date_gmt":"2026-09-04T17:14:11","guid":{"rendered":"https:\/\/www.europesays.com\/ch-fr\/291886\/"},"modified":"2026-09-04T17:14:11","modified_gmt":"2026-09-04T17:14:11","slug":"junge-tat-le-groupuscule-dextreme-droite-juge-a-zurich","status":"publish","type":"post","link":"https:\/\/www.europesays.com\/ch-fr\/291886\/","title":{"rendered":"Junge Tat : le groupuscule d&rsquo;extr\u00eame droite jug\u00e9 \u00e0 Zurich"},"content":{"rendered":"\n<p>Six membres du groupuscule d&rsquo;extr\u00eame droite Junge Tat ont comparu vendredi devant le tribunal de Zurich.Les deux leaders du groupe risquent jusqu&rsquo;\u00e0 quinze mois de prison, dont six ferme.Les faits reproch\u00e9s remontent \u00e0 2022\u202f: des actions violentes contre des lectures pour enfants et une Pride \u00e0 Zurich.Les six pr\u00e9venus ont refus\u00e9 de r\u00e9pondre aux questions du juge durant toute l&rsquo;audience.<\/p>\n<p>Ce r\u00e9sum\u00e9 a-t-il \u00e9t\u00e9 utile ?<\/p>\n<p>    \u2139\ufe0f R\u00e9sum\u00e9 propos\u00e9 par l&rsquo;IA et valid\u00e9 par nos journalistes. <a class=\"article-summary-info__link\" href=\"https:\/\/www.rts.ch\/entreprise\/2025\/article\/charte-sur-l-utilisation-de-l-ia-a-la-rts-29020587.html\" rel=\"nofollow noopener\" target=\"_blank\">En savoir plus<\/a>  <\/p>\n<p> Masquer  <\/p>\n","protected":false},"excerpt":{"rendered":"Six membres du groupuscule d&rsquo;extr\u00eame droite Junge Tat ont comparu vendredi devant le tribunal de Zurich.Les deux leaders&hellip;\n","protected":false},"author":2,"featured_media":291887,"comment_status":"","ping_status":"","sticky":false,"template":"","format":"standard","meta":{"footnotes":"","_share_on_mastodon":"0"},"categories":[16],"tags":[503,919,504,4924,741,4325,63548,39,57638,92,2483,2872,238,23,513,514,32],"class_list":["post-291886","post","type-post","status-publish","format-standard","has-post-thumbnail","category-zurich","tag-criminalite","tag-discrimination","tag-droit-et-justice","tag-extreme-droite","tag-gouvernement","tag-haine","tag-junge-tat","tag-justice","tag-mouvement-et-association-politiques","tag-politique","tag-prison","tag-proces","tag-societe","tag-suisse","tag-systeme-judiciaire","tag-tribunal","tag-zurich"],"share_on_mastodon":{"url":"https:\/\/pubeurope.com\/@ch_fr\/117213899268433368","error":""},"_links":{"self":[{"href":"https:\/\/www.europesays.com\/ch-fr\/wp-json\/wp\/v2\/posts\/291886","targetHints":{"allow":["GET"]}}],"collection":[{"href":"https:\/\/www.europesays.com\/ch-fr\/wp-json\/wp\/v2\/posts"}],"about":[{"href":"https:\/\/www.europesays.com\/ch-fr\/wp-json\/wp\/v2\/types\/post"}],"author":[{"embeddable":true,"href":"https:\/\/www.europesays.com\/ch-fr\/wp-json\/wp\/v2\/users\/2"}],"replies":[{"embeddable":true,"href":"https:\/\/www.europesays.com\/ch-fr\/wp-json\/wp\/v2\/comments?post=291886"}],"version-history":[{"count":0,"href":"https:\/\/www.europesays.com\/ch-fr\/wp-json\/wp\/v2\/posts\/291886\/revisions"}],"wp:featuredmedia":[{"embeddable":true,"href":"https:\/\/www.europesays.com\/ch-fr\/wp-json\/wp\/v2\/media\/291887"}],"wp:attachment":[{"href":"https:\/\/www.europesays.com\/ch-fr\/wp-json\/wp\/v2\/media?parent=291886"}],"wp:term":[{"taxonomy":"category","embeddable":true,"href":"https:\/\/www.europesays.com\/ch-fr\/wp-json\/wp\/v2\/categories?post=291886"},{"taxonomy":"post_tag","embeddable":true,"href":"https:\/\/www.europesays.com\/ch-fr\/wp-json\/wp\/v2\/tags?post=291886"}],"curies":[{"name":"wp","href":"https:\/\/api.w.org\/{rel}","templated":true}]}}