{"id":291914,"date":"2026-09-04T17:31:47","date_gmt":"2026-09-04T17:31:47","guid":{"rendered":"https:\/\/www.europesays.com\/ch-fr\/291914\/"},"modified":"2026-09-04T17:31:47","modified_gmt":"2026-09-04T17:31:47","slug":"le-spectacle-de-la-frontiere-la-longue-histoire-du-controle-de-gens-du-voyage-en-europe-occidentale","status":"publish","type":"post","link":"https:\/\/www.europesays.com\/ch-fr\/291914\/","title":{"rendered":"Le spectacle de la fronti\u00e8re: la longue histoire du contr\u00f4le de gens du voyage en Europe occidentale"},"content":{"rendered":"<p>Fin ao\u00fbt, l\u2019arriv\u00e9e d\u2019un groupe de gens du voyage au pied du Sal\u00e8ve, aux abords de Gen\u00e8ve, a fait l\u2019objet de plusieurs articles de presse. La pr\u00e9sence d\u2019une quinzaine de caravanes sur le parking du t\u00e9l\u00e9ph\u00e9rique (Haute-Savoie) a suscit\u00e9 de nouvelles discussions sur la \u00ab\u00a0salubrit\u00e9 et la s\u00e9curit\u00e9 publique \u00bb. Cet incident fait suite \u00e0 plusieurs conflits au cours des derniers mois entre police, riverains, agriculteurs et gens du voyages.<\/p>\n<p>Les conflits entre communes s\u00e9dentaires et ces minorit\u00e9s itin\u00e9rantes, notamment dans les r\u00e9gions frontali\u00e8res, s\u2019inscrivent dans une longue histoire. Distinguer la circulation licite d\u2019une mobilit\u00e9 per\u00e7ue comme d\u00e9viante constitue un projet fondamental de la modernit\u00e9 europ\u00e9enne.<\/p>\n","protected":false},"excerpt":{"rendered":"Fin ao\u00fbt, l\u2019arriv\u00e9e d\u2019un groupe de gens du voyage au pied du Sal\u00e8ve, aux abords de Gen\u00e8ve, a&hellip;\n","protected":false},"author":2,"featured_media":291915,"comment_status":"","ping_status":"","sticky":false,"template":"","format":"standard","meta":{"footnotes":"","_share_on_mastodon":"0"},"categories":[17],"tags":[170,169,303,1259,174,23],"class_list":["post-291914","post","type-post","status-publish","format-standard","has-post-thumbnail","category-geneve","tag-geneva","tag-geneve","tag-histoire","tag-opinions","tag-premium","tag-suisse"],"share_on_mastodon":{"url":"https:\/\/pubeurope.com\/@ch_fr\/117213966140277288","error":""},"_links":{"self":[{"href":"https:\/\/www.europesays.com\/ch-fr\/wp-json\/wp\/v2\/posts\/291914","targetHints":{"allow":["GET"]}}],"collection":[{"href":"https:\/\/www.europesays.com\/ch-fr\/wp-json\/wp\/v2\/posts"}],"about":[{"href":"https:\/\/www.europesays.com\/ch-fr\/wp-json\/wp\/v2\/types\/post"}],"author":[{"embeddable":true,"href":"https:\/\/www.europesays.com\/ch-fr\/wp-json\/wp\/v2\/users\/2"}],"replies":[{"embeddable":true,"href":"https:\/\/www.europesays.com\/ch-fr\/wp-json\/wp\/v2\/comments?post=291914"}],"version-history":[{"count":0,"href":"https:\/\/www.europesays.com\/ch-fr\/wp-json\/wp\/v2\/posts\/291914\/revisions"}],"wp:featuredmedia":[{"embeddable":true,"href":"https:\/\/www.europesays.com\/ch-fr\/wp-json\/wp\/v2\/media\/291915"}],"wp:attachment":[{"href":"https:\/\/www.europesays.com\/ch-fr\/wp-json\/wp\/v2\/media?parent=291914"}],"wp:term":[{"taxonomy":"category","embeddable":true,"href":"https:\/\/www.europesays.com\/ch-fr\/wp-json\/wp\/v2\/categories?post=291914"},{"taxonomy":"post_tag","embeddable":true,"href":"https:\/\/www.europesays.com\/ch-fr\/wp-json\/wp\/v2\/tags?post=291914"}],"curies":[{"name":"wp","href":"https:\/\/api.w.org\/{rel}","templated":true}]}}