{"id":291924,"date":"2026-09-04T17:36:07","date_gmt":"2026-09-04T17:36:07","guid":{"rendered":"https:\/\/www.europesays.com\/ch-fr\/291924\/"},"modified":"2026-09-04T17:36:07","modified_gmt":"2026-09-04T17:36:07","slug":"gims-annule-sa-venue-dans-ce-festival-pres-de-rennes-orelsan-le-remplace-une-immense-satisfaction","status":"publish","type":"post","link":"https:\/\/www.europesays.com\/ch-fr\/291924\/","title":{"rendered":"Gims annule sa venue dans ce festival pr\u00e8s de Rennes, Orelsan le remplace : \u00ab\u00a0une immense satisfaction\u00a0\u00bb"},"content":{"rendered":"<p>                    Par<\/p>\n<p>            <a href=\"https:\/\/actu.fr\/auteur\/romane-rousseau-actu-fr\" title=\"Consulter tous les articles de Romane Rousseau\" rel=\"nofollow noopener\" target=\"_blank\">Romane Rousseau<\/a><\/p>\n<p>        Publi\u00e9 le<\/p>\n<p>            4 sept. 2026 \u00e0 18h39        <\/p>\n<p>L\u2019annonce a \u00e9t\u00e9 faite ce vendredi 4\u00a0septembre 2026\u2009: le rappeur GIMS est \u00ab\u2009contraint d\u2019annuler sa venue pour des raisons m\u00e9dicales\u2009\u00bb dimanche 13\u00a0septembre au festival <a href=\"https:\/\/www.festival-laflumeenchantee.fr\/\" rel=\"nofollow noopener\" target=\"_blank\">la Flume enchant\u00e9e<\/a>, annoncent les organisateurs. C\u2019est un autre rappeur bien connu qui va le remplacer\u2026<\/p>\n<p>\u00ab\u2009Nous n\u2019aurions jamais pens\u00e9 pouvoir le recevoir.\u2009\u00bb<\/p>\n<p class=\" wall-content\">Changement de programme \u00e0 quelques jours de l\u2019ouverture de la 12\u1d49 \u00e9dition de <a href=\"https:\/\/actu.fr\/tag\/la-flume-enchantee\" rel=\"nofollow noopener\" target=\"_blank\">La Flume enchant\u00e9e<\/a>. Le rappeur GIMS ne se produira finalement pas au festival. \u00ab\u2009L\u2019\u00e9quipe partage la d\u00e9ception du public, particuli\u00e8rement des familles et des jeunes festivaliers qui attendaient avec impatience de le d\u00e9couvrir sur sc\u00e8ne\u2009\u00bb, regrettent les organisateurs.<\/p>\n<p class=\" wall-content\">Mais \u00ab\u2009face \u00e0 cette situation, les \u00e9quipes du festival se sont imm\u00e9diatement mobilis\u00e9es afin de proposer une alternative au public\u2009\u00bb. R\u00e9sultat\u2009: c\u2019est Orelsan qui rejoint la programmation.<\/p>\n<p>\u00ab\u00a0C\u2019est un artiste que nous n\u2019aurions jamais pens\u00e9 pouvoir recevoir un jour \u00e0 G\u00e9vez\u00e9, et c\u2019est une immense satisfaction de pouvoir partager cette annonce avec notre public.\u00a0\u00bb<\/p>\n<p>    Erwan Lefaix<br \/>\n        Directeur du festival La Flume Enchant\u00e9e    Un remboursement pour les fans de GIMS<\/p>\n<p class=\" wall-content\">Face \u00e0 cet impr\u00e9vu, les organisateurs mettent tout en place pour combler la d\u00e9ception des fans. \u00ab\u2009Les familles dont les enfants souhaitaient sp\u00e9cifiquement assister au concert de GIMS pourront demander le remboursement de leurs billets enfants depuis leur espace acheteur Billetweb, via le lien pr\u00e9sent dans leur e-mail de confirmation de commande.\u2009\u00bb<\/p>\n<p class=\" wall-content\">Pour les fans d\u2019Orelsan, pas de panique. M\u00eame si le dimanche 13\u00a0septembre est complet, \u00ab\u2009quelques billets pourront \u00eatre remis en vente au fil des d\u00e9sistements sur Reelax Tickets, plateforme officielle de revente du festival\u2009\u00bb, pr\u00e9cisent les organisateurs.<\/p>\n<p class=\" wall-content\">L\u2019artiste rejoint une programmation XXL avec notamment <a href=\"https:\/\/actu.fr\/bretagne\/geveze_35120\/la-flume-enchantee-devoile-sa-programmation-complete-la-plus-belle-depuis-les-debuts-du-festival_64180610.html\" rel=\"nofollow noopener\" target=\"_blank\">Bigflo et Oli, Ofenbach, Bon Sinclar, Skip The Use<\/a>\u2026<\/p>\n<p class=\" wall-content\">Il reste encore de la place pour vendredi\u00a011 et samedi 12\u00a0septembre 2026.<\/p>\n<p class=\" wall-content\">Personnalisez votre actualit\u00e9 en ajoutant vos villes et m\u00e9dias en favori avec <a href=\"https:\/\/moncompte.actu.fr\" title=\"D\u00e9couvez Mon Actu\" rel=\"nofollow noopener\" data-trk=\"{&quot;cta&quot;:{&quot;action&quot;:&quot;https:\\\/\\\/moncompte.actu.fr&quot;,&quot;category&quot;:&quot;mon compte&quot;,&quot;from&quot;:&quot;article footer&quot;,&quot;name&quot;:&quot;Mon actu&quot;,&quot;type&quot;:&quot;cta&quot;}}\" target=\"_blank\">Mon Actu<\/a>.<\/p>\n","protected":false},"excerpt":{"rendered":"Par Romane Rousseau Publi\u00e9 le 4 sept. 2026 \u00e0 18h39 L\u2019annonce a \u00e9t\u00e9 faite ce vendredi 4\u00a0septembre 2026\u2009:&hellip;\n","protected":false},"author":2,"featured_media":291925,"comment_status":"","ping_status":"","sticky":false,"template":"","format":"standard","meta":{"footnotes":"","_share_on_mastodon":"0"},"categories":[12],"tags":[648,113,112,650,1377,140,141,815,23],"class_list":["post-291924","post","type-post","status-publish","format-standard","has-post-thumbnail","category-musique","tag-concert","tag-divertissement","tag-entertainment","tag-festival","tag-loisirs-culture","tag-music","tag-musique","tag-orelsan","tag-suisse"],"share_on_mastodon":{"url":"https:\/\/pubeurope.com\/@ch_fr\/117213985904611843","error":""},"_links":{"self":[{"href":"https:\/\/www.europesays.com\/ch-fr\/wp-json\/wp\/v2\/posts\/291924","targetHints":{"allow":["GET"]}}],"collection":[{"href":"https:\/\/www.europesays.com\/ch-fr\/wp-json\/wp\/v2\/posts"}],"about":[{"href":"https:\/\/www.europesays.com\/ch-fr\/wp-json\/wp\/v2\/types\/post"}],"author":[{"embeddable":true,"href":"https:\/\/www.europesays.com\/ch-fr\/wp-json\/wp\/v2\/users\/2"}],"replies":[{"embeddable":true,"href":"https:\/\/www.europesays.com\/ch-fr\/wp-json\/wp\/v2\/comments?post=291924"}],"version-history":[{"count":0,"href":"https:\/\/www.europesays.com\/ch-fr\/wp-json\/wp\/v2\/posts\/291924\/revisions"}],"wp:featuredmedia":[{"embeddable":true,"href":"https:\/\/www.europesays.com\/ch-fr\/wp-json\/wp\/v2\/media\/291925"}],"wp:attachment":[{"href":"https:\/\/www.europesays.com\/ch-fr\/wp-json\/wp\/v2\/media?parent=291924"}],"wp:term":[{"taxonomy":"category","embeddable":true,"href":"https:\/\/www.europesays.com\/ch-fr\/wp-json\/wp\/v2\/categories?post=291924"},{"taxonomy":"post_tag","embeddable":true,"href":"https:\/\/www.europesays.com\/ch-fr\/wp-json\/wp\/v2\/tags?post=291924"}],"curies":[{"name":"wp","href":"https:\/\/api.w.org\/{rel}","templated":true}]}}