{"id":291944,"date":"2026-09-04T17:50:35","date_gmt":"2026-09-04T17:50:35","guid":{"rendered":"https:\/\/www.europesays.com\/ch-fr\/291944\/"},"modified":"2026-09-04T17:50:35","modified_gmt":"2026-09-04T17:50:35","slug":"geneve-le-placement-denfants-a-lhopital-a-chute-en-2026","status":"publish","type":"post","link":"https:\/\/www.europesays.com\/ch-fr\/291944\/","title":{"rendered":"Gen\u00e8ve: le placement d\u2019enfants \u00e0 l\u2019H\u00f4pital a chut\u00e9 en 2026"},"content":{"rendered":"\n<p> Abo       \u2013   <\/p>\n<p> \u00c0 Gen\u00e8ve, les placements d\u2019enfants \u00e0 l\u2019H\u00f4pital se r\u00e9duisent <\/p>\n<p class=\"lead regular externalicon-big astro-odojtzmo\"> Plusieurs mesures, comme l\u2019augmentation du nombre de familles d\u2019accueil, ont permis de limiter le recours aux s\u00e9jours en milieu hospitalier lorsque des mineurs doivent \u00eatre \u00e9loign\u00e9s de leur foyer.  <\/p>\n<p>   <img loading=\"lazy\" decoding=\"async\" src=\"https:\/\/www.europesays.com\/ch-fr\/wp-content\/uploads\/2026\/09\/1788544235_514_4K-4FgcH4iZ8_5oGWO_DAp.jpg\"  width=\"100\" height=\"100\"  alt=\"Chlo\u00e9 Dethurens\" class=\"AuthorImage -content-head authorimage astro-ivm7rlur astro-uymtm5hg\" style=\"background-color:#8F8F8F\"\/>         Publi\u00e9 aujourd\u2019hui \u00e0 19h40                            LinkedIn Lien copi\u00e9 Error occurred        Facebook Lien copi\u00e9 Error occurred        X Lien copi\u00e9 Error occurred           E-mail Lien copi\u00e9 Error occurred        Copier le lien Lien copi\u00e9 Error occurred              <\/p>\n","protected":false},"excerpt":{"rendered":"Abo \u2013 \u00c0 Gen\u00e8ve, les placements d\u2019enfants \u00e0 l\u2019H\u00f4pital se r\u00e9duisent Plusieurs mesures, comme l\u2019augmentation du nombre de&hellip;\n","protected":false},"author":2,"featured_media":291945,"comment_status":"","ping_status":"","sticky":false,"template":"","format":"standard","meta":{"footnotes":"","_share_on_mastodon":"0"},"categories":[17],"tags":[11309,170,169,37,23],"class_list":["post-291944","post","type-post","status-publish","format-standard","has-post-thumbnail","category-geneve","tag-facts","tag-geneva","tag-geneve","tag-stats-seo","tag-suisse"],"share_on_mastodon":{"url":"https:\/\/pubeurope.com\/@ch_fr\/117214041489380285","error":""},"_links":{"self":[{"href":"https:\/\/www.europesays.com\/ch-fr\/wp-json\/wp\/v2\/posts\/291944","targetHints":{"allow":["GET"]}}],"collection":[{"href":"https:\/\/www.europesays.com\/ch-fr\/wp-json\/wp\/v2\/posts"}],"about":[{"href":"https:\/\/www.europesays.com\/ch-fr\/wp-json\/wp\/v2\/types\/post"}],"author":[{"embeddable":true,"href":"https:\/\/www.europesays.com\/ch-fr\/wp-json\/wp\/v2\/users\/2"}],"replies":[{"embeddable":true,"href":"https:\/\/www.europesays.com\/ch-fr\/wp-json\/wp\/v2\/comments?post=291944"}],"version-history":[{"count":0,"href":"https:\/\/www.europesays.com\/ch-fr\/wp-json\/wp\/v2\/posts\/291944\/revisions"}],"wp:featuredmedia":[{"embeddable":true,"href":"https:\/\/www.europesays.com\/ch-fr\/wp-json\/wp\/v2\/media\/291945"}],"wp:attachment":[{"href":"https:\/\/www.europesays.com\/ch-fr\/wp-json\/wp\/v2\/media?parent=291944"}],"wp:term":[{"taxonomy":"category","embeddable":true,"href":"https:\/\/www.europesays.com\/ch-fr\/wp-json\/wp\/v2\/categories?post=291944"},{"taxonomy":"post_tag","embeddable":true,"href":"https:\/\/www.europesays.com\/ch-fr\/wp-json\/wp\/v2\/tags?post=291944"}],"curies":[{"name":"wp","href":"https:\/\/api.w.org\/{rel}","templated":true}]}}