{"id":291946,"date":"2026-09-04T17:51:11","date_gmt":"2026-09-04T17:51:11","guid":{"rendered":"https:\/\/www.europesays.com\/ch-fr\/291946\/"},"modified":"2026-09-04T17:51:11","modified_gmt":"2026-09-04T17:51:11","slug":"a-zurich-quatre-membres-de-junge-tat-juges-pour-incitation-a-la-haine","status":"publish","type":"post","link":"https:\/\/www.europesays.com\/ch-fr\/291946\/","title":{"rendered":"A Zurich, quatre membres de \u00abJunge Tat\u00bb jug\u00e9s pour incitation \u00e0 la haine"},"content":{"rendered":"<p>\u00abNo Pride Month\u00bb<\/p>\n<p><img alt=\"\" aria-hidden=\"true\" loading=\"lazy\" decoding=\"async\" data-nimg=\"fill\" class=\"c-image-background\" style=\"position:absolute;height:100%;width:100%;left:0;top:0;right:0;bottom:0;color:transparent\"   src=\"https:\/\/www.europesays.com\/ch-fr\/wp-content\/uploads\/2026\/09\/4394b85a-235e-4fae-b6fb-eb53710c7c07.jpg\"\/><img loading=\"lazy\" alt=\"\" width=\"1900\" height=\"1267\" decoding=\"async\" data-nimg=\"1\" style=\"color:transparent\"   src=\"https:\/\/www.europesays.com\/ch-fr\/wp-content\/uploads\/2026\/09\/4394b85a-235e-4fae-b6fb-eb53710c7c07.jpg\"\/><\/p>\n<p class=\"c-stacked-spacing a-paragraph a-paragraph--lead text-h4 leading-26 md:leading-28 text-navy p-4 pb-8 md:px-0 md:pt-8\" data-t-name=\"Paragraph\">Quatre membres du mouvement d&rsquo;extr\u00eame droite \u00abJunge Tat\u00bb (\u00ab\u00a0Action jeune\u00a0\u00bb) ont comparu vendredi devant la justice zurichoise. Leur proc\u00e8s pour discrimination et incitation \u00e0 la haine a entra\u00een\u00e9 le rassemblement d&rsquo;une centaine de manifestants antifascistes devant le b\u00e2timent du tribunal.<\/p>\n<p><img alt=\"Keystone-ATS\" loading=\"lazy\" width=\"40\" height=\"40\" decoding=\"async\" data-nimg=\"1\" class=\"h-full w-full rounded-full object-cover\" style=\"color:transparent\"  src=\"https:\/\/bluewin-prod-sc-images.imgix.net\/2026\/04\/07\/587e954f-f16e-4287-aa35-2044c2550028.heif?w=96&amp;auto=format&amp;s=98034066b6bd6ea59d6a7b700c2d15ff\"\/><\/p>\n<p class=\"author-names text-navy text-small\">Keystone-ATS<\/p>\n<p><img alt=\"\" aria-hidden=\"true\" loading=\"lazy\" width=\"12\" height=\"12\" decoding=\"async\" data-nimg=\"1\" class=\"mr-1 h-3 w-3\" style=\"color:transparent\"  src=\"https:\/\/www.bluewin.ch\/_next\/static\/media\/021-clock.24ldz2iukf4_m.svg?w=32\"\/>Aujourd&rsquo;hui \u00e0 17:54<\/p>\n<p class=\"c-paragraph text-standard wrap-break-word text-dark-gray font-thesans w-full\">Le Minist\u00e8re public a requis une peine de quinze mois de prison dont six mois ferme contre les deux principaux accus\u00e9s, les leaders du groupement incrimin\u00e9, \u00e2g\u00e9s de 23 et 25 ans. L&rsquo;accusation exige aussi des peines p\u00e9cuniaires et des amendes contre les deux r\u00e9cidivistes. Les deux autres pr\u00e9venus, pr\u00e9sents lors de l&rsquo;une ou l&rsquo;autre des actions incrimin\u00e9es, risquent des peines p\u00e9cuniaires avec sursis.<\/p>\n<p>Ev\u00e8nements li\u00e9s \u00e0 la Pride perturb\u00e9s<\/p>\n<p class=\"c-paragraph text-standard wrap-break-word text-dark-gray font-thesans w-full\">Les faits reproch\u00e9s remontent aux ann\u00e9es 2022 \u00e0 2024. En juin 2022, les accus\u00e9s ont notamment p\u00e9n\u00e9tr\u00e9 \u00e0 Zurich dans une \u00e9glise o\u00f9 se d\u00e9roulait une messe en l&rsquo;honneur de la Pride. Ils ont alors d\u00e9pos\u00e9 dans l&rsquo;\u00e9glise une grande croix avec l&rsquo;inscription \u00abNo Pride Month\u00bb (\u00ab\u00a0Pas de mois de la Pride\u00a0\u00bb).<\/p>\n<p class=\"c-paragraph text-standard wrap-break-word text-dark-gray font-thesans w-full\">Ils ont aussi interrompu une s\u00e9ance de r\u00e9cits de contes pour enfants par des drag queens dans une salle de danse. Les pr\u00e9venus sont \u00e9galement accus\u00e9s d&rsquo;effraction et de violations de la loi sur les explosifs lors d&rsquo;actions non autoris\u00e9es sur une grue de chantier \u00e0 Zurich et sur le toit de la gare centrale de B\u00e2le.<\/p>\n<p>La d\u00e9fense exige l&rsquo;acquittement<\/p>\n<p class=\"c-paragraph text-standard wrap-break-word text-dark-gray font-thesans w-full\">Devant le Tribunal de district de Zurich, les avocats des accus\u00e9s ont exig\u00e9 que leurs clients soient acquitt\u00e9s des chefs d&rsquo;accusation de discrimination, d&rsquo;appel \u00e0 la haine et d&rsquo;atteinte \u00e0 la libert\u00e9 de croyance et des cultes. Ils ont invoqu\u00e9 la libert\u00e9 d&rsquo;expression.<\/p>\n<p class=\"c-paragraph text-standard wrap-break-word text-dark-gray font-thesans w-full\">La salle d&rsquo;audience \u00e9tait bien remplie. Outre de nombreux journalistes, des membres de \u00abJunge Tat\u00bb \u00e9taient pr\u00e9sents, de m\u00eame que des organisateurs d&rsquo;\u00e9v\u00e8nements perturb\u00e9s par le groupement d&rsquo;extr\u00eame droite. A l&rsquo;ext\u00e9rieur, une centaine de personnes se sont rassembl\u00e9es avant l&rsquo;ouverture du proc\u00e8s pour protester contre l&rsquo;extr\u00e9misme de droite. On ignore encore quand le jugement sera rendu.<\/p>\n","protected":false},"excerpt":{"rendered":"\u00abNo Pride Month\u00bb Quatre membres du mouvement d&rsquo;extr\u00eame droite \u00abJunge Tat\u00bb (\u00ab\u00a0Action jeune\u00a0\u00bb) ont comparu vendredi devant la&hellip;\n","protected":false},"author":2,"featured_media":291947,"comment_status":"","ping_status":"","sticky":false,"template":"","format":"standard","meta":{"footnotes":"","_share_on_mastodon":"0"},"categories":[16],"tags":[39,23,32],"class_list":["post-291946","post","type-post","status-publish","format-standard","has-post-thumbnail","category-zurich","tag-justice","tag-suisse","tag-zurich"],"share_on_mastodon":{"url":"https:\/\/pubeurope.com\/@ch_fr\/117214045410357832","error":""},"_links":{"self":[{"href":"https:\/\/www.europesays.com\/ch-fr\/wp-json\/wp\/v2\/posts\/291946","targetHints":{"allow":["GET"]}}],"collection":[{"href":"https:\/\/www.europesays.com\/ch-fr\/wp-json\/wp\/v2\/posts"}],"about":[{"href":"https:\/\/www.europesays.com\/ch-fr\/wp-json\/wp\/v2\/types\/post"}],"author":[{"embeddable":true,"href":"https:\/\/www.europesays.com\/ch-fr\/wp-json\/wp\/v2\/users\/2"}],"replies":[{"embeddable":true,"href":"https:\/\/www.europesays.com\/ch-fr\/wp-json\/wp\/v2\/comments?post=291946"}],"version-history":[{"count":0,"href":"https:\/\/www.europesays.com\/ch-fr\/wp-json\/wp\/v2\/posts\/291946\/revisions"}],"wp:featuredmedia":[{"embeddable":true,"href":"https:\/\/www.europesays.com\/ch-fr\/wp-json\/wp\/v2\/media\/291947"}],"wp:attachment":[{"href":"https:\/\/www.europesays.com\/ch-fr\/wp-json\/wp\/v2\/media?parent=291946"}],"wp:term":[{"taxonomy":"category","embeddable":true,"href":"https:\/\/www.europesays.com\/ch-fr\/wp-json\/wp\/v2\/categories?post=291946"},{"taxonomy":"post_tag","embeddable":true,"href":"https:\/\/www.europesays.com\/ch-fr\/wp-json\/wp\/v2\/tags?post=291946"}],"curies":[{"name":"wp","href":"https:\/\/api.w.org\/{rel}","templated":true}]}}