{"id":291960,"date":"2026-09-04T17:59:11","date_gmt":"2026-09-04T17:59:11","guid":{"rendered":"https:\/\/www.europesays.com\/ch-fr\/291960\/"},"modified":"2026-09-04T17:59:11","modified_gmt":"2026-09-04T17:59:11","slug":"injouable-au-sein-de-lechappee-wout-van-aert-remporte-la-13e-etape-de-la-vuelta-devant-valentin-paret-peintre-lequipe","status":"publish","type":"post","link":"https:\/\/www.europesays.com\/ch-fr\/291960\/","title":{"rendered":"Injouable au sein de l&#039;\u00e9chapp\u00e9e, Wout Van Aert remporte la 13e \u00e9tape de la Vuelta devant Valentin Paret-Peintre &#8211; L&#039;\u00c9quipe"},"content":{"rendered":"<p><a href=\"https:\/\/news.google.com\/rss\/articles\/CBMigAJBVV95cUxQbXZWbDk2elZUc3J1ZF9pRl9qakgxeXZLeWR2eUVsbFVrOU8zcWU2ajhpSy1zREFNOHA5amFxS3ZVMTlyVWJxLUFib1RINjFKS2VMc1UtTnlxY0VqMEh6UVE5Zmo4aThEUE9DblBGenJhVUpsc2ktU2hCNXZqaVFkS3oxMm1ITUZOalJSSGFqTWF2ZkVzWmtXOTh3amlxRmhZSTFFV2JnMUtZTFltQzdQZ3JjVTBOeG1pdmI1Z1BmQ2RQMENLTVVmRHJlblRnaG9QUWtZSFJPRk9FWDVhNjVHdVZNNzZQYnRrdFBPTnpmbWYwTVp0SW81NWFpVTI3c3hD?oc=5\" target=\"_blank\" rel=\"nofollow noopener\">Injouable au sein de l&rsquo;\u00e9chapp\u00e9e, Wout Van Aert remporte la 13e \u00e9tape de la Vuelta devant Valentin Paret-Peintre<\/a>&nbsp;&nbsp;L&rsquo;\u00c9quipe<a href=\"https:\/\/news.google.com\/rss\/articles\/CBMi0wFBVV95cUxOVEVmVjJTX0NNdVlrOGViOFczblFhRkU3SktQVFFuUDBicW96U01IZnlUWEFVbDM1Z2kxRHJDN1Fub09kTXNKUFdESTVJZ3FCcVNlcEdsYzZuV1VmVXp3c201WTM2Q3pIWUF3VGlwc3duTVBTMURKajVRQm43WTk5LWw5UVhaNVZkbVhhN0VnUjZsbzMtMWpSaExORTEzc2oyY2tnUHk1OWNzMW52bGh2dlQtSUdTMVp6UUZoWkN3YUtPTmMyUlN3MTVTcnhtNG5EemxJ0gHSAUFVX3lxTE5EejFOQlROdXZzNnJVTnVTUWMxdnJKT3pCOTh4MUVHQ3J3bTVtZFpVbzkxTGhYd3AtR0V5Q0lQX1phdEZYYW9HQ3RfM0dLU1psanJneU9CTU1jckt5MUVmLXY4N2padWtTZXRRdEZ3TV90NW9rTUNXeWNzMWd0N1BFXzYxVkI4Z2p2UkU1VDFxdUdiUTgxWTUzSEJuWEZMam93b29XUktsTHgtRDRxQnZuRmV3eFA3OXh1T05PUnItbWFPeXlneVVIRlpndmx3Zzg1dw?oc=5\" target=\"_blank\" rel=\"nofollow noopener\">Vuelta (E13) : Van Aert \u00e9tait trop fort pour Paret-Peintre : Sports &#8211; Orange<\/a>&nbsp;&nbsp;Sports &#8211; Orange<a href=\"https:\/\/news.google.com\/rss\/articles\/CBMiqgJBVV95cUxPV2N6cGlTeUVudmJ4MTBJdC02X1h3SXlxRzdXRG1GT1BpMWNWdDFsdlJwZ1c4R0diZWxRQzNiUkRaUjVtUnNlZk42ZXZFLVdEUjdockU2aE1sNGhCRGJnTWlBUDdMUVd2VG1Uekd3clRGMGhtRFJybG5IeExhallMNWlxR09lTWZ5WEJTWE5LZHNrSXJfUlhHaW0tZWVZNGxoMnNMZllra0hsTEZ0ZEtHdlZBdEp4ZFBhUldBSzdsa2JjWW44NjRqT19aNFpfZ2VZeDBVN3lxZi01Q0d2VUdhejk2UmlOLTFLUmVKY0ZLQmlVRlBLSDlLY2xVM3IyLTdPU3RNcWVYVWdMMW5Wd1N1ajA2UUIxS0ZBV2tkdmlMVjllRWYzd1FRQTlB?oc=5\" target=\"_blank\" rel=\"nofollow noopener\">\u00ab J&rsquo;y ai cru \u00bb : une deuxi\u00e8me place derri\u00e8re Wout Van Aert mais pas de regrets pour Valentin Paret-Peintre<\/a>&nbsp;&nbsp;L&rsquo;\u00c9quipe<a href=\"https:\/\/news.google.com\/rss\/articles\/CBMiqgJBVV95cUxNemdqVjFWZ05nMUFXNjk0UXlrTmZWRTlBSTN4NzFCQjRNZFFneGtZalhzMzhnYVd3TUV0YmZBSFNWcmlJV29OMnA3bXNDM0NpUEx0dGowVXZ6ZlJCUFI3bTNESTJ6cFVPX3paR0RldklZMDE0ZmwydnVxRnJWd3NEYzkxLXVMS0NLakozUy05cHpIaE9RdnNWTnNiY0RXTG5RV0pRc1IyZWs3ckpTVVdZMHBmWi1WTUtYdDJyLW9KVmdudTdHVWhzRHc3NlVQMTdOLWp3cFRDeERjalNsa3NsRWhweEtPcXJhR293Rlo4QmVzbnNTd3BzZ29kUHBtODlOeXJfbHQ2cVRMUjF2aXRnOHlqWXJ5OC0zT0NaX3FNamMyTzlUdEhaSjRn?oc=5\" target=\"_blank\" rel=\"nofollow noopener\">Van Aert, c\u2019est encore les autres qui le racontent le mieux<\/a>&nbsp;&nbsp;Eurosport<a href=\"https:\/\/news.google.com\/rss\/articles\/CBMixAFBVV95cUxPaGV3aWtocHlxdEh2MkNMdjJLOV9OTjk0R1h1N29tVWx5azdGXzJ2NXhqVDc3V09NbkxlSEtqZUtqN0paM2haNFROMFo1NndPWUFZZVlNZURPZjNIcTVJSHN2Ml9QdHhvXzhIa1NNdzNHSzFWRk5zYTA3NkZGeVhSRUxqY3J1THZ6SklrMThzSjRFUjNNbWMxVEJPc3JnWVVyZzZ2RUtMNmJQWk50dXZjd25EQ1JxVUZXb2IyZ2NvUE9sSFRk?oc=5\" target=\"_blank\" rel=\"nofollow noopener\">Classement g\u00e9n\u00e9ral et r\u00e9sultats apr\u00e8s la 13e \u00e9tape du Tour d\u2019Espagne<\/a>&nbsp;&nbsp;20 Minutes<\/p>\n","protected":false},"excerpt":{"rendered":"Injouable au sein de l&rsquo;\u00e9chapp\u00e9e, Wout Van Aert remporte la 13e \u00e9tape de la Vuelta devant Valentin Paret-Peintre&nbsp;&nbsp;L&rsquo;\u00c9quipeVuelta&hellip;\n","protected":false},"author":2,"featured_media":291961,"comment_status":"","ping_status":"","sticky":false,"template":"","format":"standard","meta":{"footnotes":"","_share_on_mastodon":"0"},"categories":[8],"tags":[449,45184,13622,17521,75,23,31396,15644,18702],"class_list":["post-291960","post","type-post","status-publish","format-standard","has-post-thumbnail","category-sports","tag-449","tag-a-effacer","tag-cyclisme-sur-route","tag-resumes-et-cr","tag-sports","tag-suisse","tag-tour-despagne","tag-valentin-paret-peintre","tag-wout-van-aert"],"share_on_mastodon":{"url":"https:\/\/pubeurope.com\/@ch_fr\/117214076518725190","error":""},"_links":{"self":[{"href":"https:\/\/www.europesays.com\/ch-fr\/wp-json\/wp\/v2\/posts\/291960","targetHints":{"allow":["GET"]}}],"collection":[{"href":"https:\/\/www.europesays.com\/ch-fr\/wp-json\/wp\/v2\/posts"}],"about":[{"href":"https:\/\/www.europesays.com\/ch-fr\/wp-json\/wp\/v2\/types\/post"}],"author":[{"embeddable":true,"href":"https:\/\/www.europesays.com\/ch-fr\/wp-json\/wp\/v2\/users\/2"}],"replies":[{"embeddable":true,"href":"https:\/\/www.europesays.com\/ch-fr\/wp-json\/wp\/v2\/comments?post=291960"}],"version-history":[{"count":0,"href":"https:\/\/www.europesays.com\/ch-fr\/wp-json\/wp\/v2\/posts\/291960\/revisions"}],"wp:featuredmedia":[{"embeddable":true,"href":"https:\/\/www.europesays.com\/ch-fr\/wp-json\/wp\/v2\/media\/291961"}],"wp:attachment":[{"href":"https:\/\/www.europesays.com\/ch-fr\/wp-json\/wp\/v2\/media?parent=291960"}],"wp:term":[{"taxonomy":"category","embeddable":true,"href":"https:\/\/www.europesays.com\/ch-fr\/wp-json\/wp\/v2\/categories?post=291960"},{"taxonomy":"post_tag","embeddable":true,"href":"https:\/\/www.europesays.com\/ch-fr\/wp-json\/wp\/v2\/tags?post=291960"}],"curies":[{"name":"wp","href":"https:\/\/api.w.org\/{rel}","templated":true}]}}