{"id":292002,"date":"2026-09-04T18:28:44","date_gmt":"2026-09-04T18:28:44","guid":{"rendered":"https:\/\/www.europesays.com\/ch-fr\/292002\/"},"modified":"2026-09-04T18:28:44","modified_gmt":"2026-09-04T18:28:44","slug":"inauguration-du-site-archeologique-saint-antoine-ville-de-geneve","status":"publish","type":"post","link":"https:\/\/www.europesays.com\/ch-fr\/292002\/","title":{"rendered":"Inauguration du Site arch\u00e9ologique Saint-Antoine | Ville de Gen\u00e8ve"},"content":{"rendered":"<p>La c\u00e9r\u00e9monie de remise des cl\u00e9s a eu lieu vendredi 3 septembre, en pr\u00e9sence de Mme de Chastonay, Conseill\u00e8re administrative en charge du d\u00e9partement de l\u2019am\u00e9nagement, des constructions et de la mobilit\u00e9 et de M. Walder, Conseiller d\u2019Etat charg\u00e9 du d\u00e9partement du territoire.<\/p>\n<p>Trois lanterneaux pour manifester les traces du pass\u00e9<\/p>\n<p>Le chantier a d\u00e9marr\u00e9 en septembre 2023 par une phase de protection des vestiges. Construire sur un site arch\u00e9ologique s\u2019av\u00e8re un d\u00e9fi de taille. La r\u00e9alisation d\u2019une dalle de grande port\u00e9e a \u00e9t\u00e9 un tour de force technique. Elle permet d&rsquo;avoir une perception enti\u00e8re de l\u2019espace sous un toit continu.<\/p>\n<p>Le positionnement des trois ouvertures \u00e9claire les trois p\u00e9riodes successives des vestiges mis au jour. Elles apportent de la lumi\u00e8re naturelle indirecte et homog\u00e8ne \u00e0 l\u2019espace inf\u00e9rieur. Ces trois lanterneaux sont une invitation au public \u00e0 descendre visiter le site. Ils permettent \u00e9galement d\u2019apercevoir les vestiges en contrebas, en dehors des heures d\u2019ouverture, gr\u00e2ce \u00e0 des ouvertures vitr\u00e9es.<\/p>\n<p>Nouvelles plantations sur l\u2019esplanade\u00a0<\/p>\n<p>Il s\u2019agissait \u00e9galement de rendre \u00e0 l\u2019esplanade son statut d\u2019espace public ouvert, enti\u00e8rement accessible et s\u00e9curis\u00e9, tout en tenant compte des besoins sp\u00e9cifiques en lien avec l\u2019utilisation du lieu. La derni\u00e8re \u00e9tape du chantier a donc consist\u00e9 \u00e0 red\u00e9finir les espaces ext\u00e9rieurs, dans la continuit\u00e9 de la promenade de Saint-Antoine.<\/p>\n<p>Un premier groupe de 14 arbres a ainsi \u00e9t\u00e9 plant\u00e9 au printemps sur la partie est de l\u2019esplanade. 12 arbres suppl\u00e9mentaires viendront composer un deuxi\u00e8me groupe sur la partie ouest cet automne. Des bancs et des lampadaires ont \u00e9t\u00e9 install\u00e9s tout comme de nouveaux stationnements pour les v\u00e9los. La fontaine de l\u2019Amiti\u00e9, restaur\u00e9e, retrouvera \u00e9galement sa place sur l\u2019esplanade prochainement.<\/p>\n","protected":false},"excerpt":{"rendered":"La c\u00e9r\u00e9monie de remise des cl\u00e9s a eu lieu vendredi 3 septembre, en pr\u00e9sence de Mme de Chastonay,&hellip;\n","protected":false},"author":2,"featured_media":292003,"comment_status":"","ping_status":"","sticky":false,"template":"","format":"standard","meta":{"footnotes":"","_share_on_mastodon":"0"},"categories":[17],"tags":[170,169,23],"class_list":["post-292002","post","type-post","status-publish","format-standard","has-post-thumbnail","category-geneve","tag-geneva","tag-geneve","tag-suisse"],"share_on_mastodon":{"url":"https:\/\/pubeurope.com\/@ch_fr\/117214190138724849","error":""},"_links":{"self":[{"href":"https:\/\/www.europesays.com\/ch-fr\/wp-json\/wp\/v2\/posts\/292002","targetHints":{"allow":["GET"]}}],"collection":[{"href":"https:\/\/www.europesays.com\/ch-fr\/wp-json\/wp\/v2\/posts"}],"about":[{"href":"https:\/\/www.europesays.com\/ch-fr\/wp-json\/wp\/v2\/types\/post"}],"author":[{"embeddable":true,"href":"https:\/\/www.europesays.com\/ch-fr\/wp-json\/wp\/v2\/users\/2"}],"replies":[{"embeddable":true,"href":"https:\/\/www.europesays.com\/ch-fr\/wp-json\/wp\/v2\/comments?post=292002"}],"version-history":[{"count":0,"href":"https:\/\/www.europesays.com\/ch-fr\/wp-json\/wp\/v2\/posts\/292002\/revisions"}],"wp:featuredmedia":[{"embeddable":true,"href":"https:\/\/www.europesays.com\/ch-fr\/wp-json\/wp\/v2\/media\/292003"}],"wp:attachment":[{"href":"https:\/\/www.europesays.com\/ch-fr\/wp-json\/wp\/v2\/media?parent=292002"}],"wp:term":[{"taxonomy":"category","embeddable":true,"href":"https:\/\/www.europesays.com\/ch-fr\/wp-json\/wp\/v2\/categories?post=292002"},{"taxonomy":"post_tag","embeddable":true,"href":"https:\/\/www.europesays.com\/ch-fr\/wp-json\/wp\/v2\/tags?post=292002"}],"curies":[{"name":"wp","href":"https:\/\/api.w.org\/{rel}","templated":true}]}}