{"id":292100,"date":"2026-09-04T19:46:39","date_gmt":"2026-09-04T19:46:39","guid":{"rendered":"https:\/\/www.europesays.com\/ch-fr\/292100\/"},"modified":"2026-09-04T19:46:39","modified_gmt":"2026-09-04T19:46:39","slug":"lavant-match-gshc-vs-eisbaren-berlin","status":"publish","type":"post","link":"https:\/\/www.europesays.com\/ch-fr\/292100\/","title":{"rendered":"L\u2019avant-match : GSHC vs Eisb\u00e4ren Berlin"},"content":{"rendered":"<p>Apr\u00e8s les entra\u00eenements, les matchs de pr\u00e9paration et les derniers r\u00e9glages, place enfin \u00e0 la comp\u00e9tition ! Le Gen\u00e8ve-Servette lance officiellement sa saison 2026\/27 ce vendredi aux Vernets avec la r\u00e9ception des Eisb\u00e4ren Berlin en Champions Hockey League.<\/p>\n<p>Et pour commencer, les hommes de Sam Hallam auront droit \u00e0 un sacr\u00e9 morceau. Berlin d\u00e9barque \u00e0 Gen\u00e8ve avec un statut qui parle de lui-m\u00eame : triple champion d\u2019Allemagne en titre, le club de la capitale a pris l\u2019habitude de gagner et poss\u00e8de un effectif taill\u00e9 pour faire mal sur la sc\u00e8ne europ\u00e9enne.<\/p>\n<p>Berlin sait gagner<\/p>\n<p>On le sait, le hockey allemand a \u00e9norm\u00e9ment progress\u00e9 ces derni\u00e8res ann\u00e9es et les Eisb\u00e4ren en sont l\u2019un des meilleurs exemples. Habitu\u00e9s aux grands rendez-vous, les Berlinois s\u2019appuient sur un noyau allemand extr\u00eamement solide et une culture de la gagne d\u00e9sormais bien install\u00e9e.<\/p>\n<p>Parmi les hommes \u00e0 surveiller, impossible de passer \u00e0 c\u00f4t\u00e9 de Liam Kirk. L\u2019Anglais de 26 ans sort d\u2019une saison monstrueuse avec 41 buts inscrits, playoffs compris, terminant meilleur buteur du championnat allemand.<\/p>\n<p>Et Kirk est loin d\u2019\u00eatre seul. Autour de lui, Berlin peut notamment compter sur Frederik Tiffels, Leo Pf\u00f6derl ou encore Andreas Eder, trois internationaux allemands capables de faire la diff\u00e9rence offensivement. Une armada qui obligera les Grenat \u00e0 \u00eatre imm\u00e9diatement dans leur match.<\/p>\n<p>Premier vrai test pour le GSHC<\/p>\n<p>Pour Gen\u00e8ve, difficile de r\u00eaver d\u2019un meilleur adversaire pour savoir o\u00f9 l\u2019\u00e9quipe en est. Apr\u00e8s seulement deux matchs de pr\u00e9paration, le nouveau GSHC de Sam Hallam va directement \u00eatre plong\u00e9 dans le grand bain face \u00e0 une \u00e9quipe exp\u00e9riment\u00e9e et habitu\u00e9e \u00e0 gagner.<\/p>\n<p>Il faudra forc\u00e9ment encore du temps pour que tous les automatismes soient parfaits, mais ce soir, les points comptent d\u00e9j\u00e0. Intensit\u00e9, discipline et efficacit\u00e9 seront n\u00e9cessaires pour lancer cette nouvelle campagne europ\u00e9enne du bon pied.<\/p>\n<p>Et forc\u00e9ment, retrouver la CHL r\u00e9veille de tr\u00e8s bons souvenirs \u00e0 Gen\u00e8ve. Champion d\u2019Europe en 2024, le GSHC conna\u00eet la saveur particuli\u00e8re de cette comp\u00e9tition et les \u00e9motions qu\u2019elle peut offrir.<\/p>\n<p>Les Vernets doivent r\u00e9pondre pr\u00e9sents<\/p>\n<p>Pour ce premier match officiel de la saison, les Aigles auront besoin de leur septi\u00e8me homme. Un gros adversaire, le retour de la Champions Hockey League et les premi\u00e8res vraies \u00e9motions de la saison : tout est r\u00e9uni pour une grande soir\u00e9e de hockey aux Vernets.<\/p>\n<p>La saison 2026\/27 commence maintenant. Et elle commence fort ! Le match entre le Gen\u00e8ve-Servette HC et les Eisb\u00e4ren Berlin se joue ce vendredi d\u00e8s 19h45 \u00e0 la patinoire des Vernets.<\/p>\n","protected":false},"excerpt":{"rendered":"Apr\u00e8s les entra\u00eenements, les matchs de pr\u00e9paration et les derniers r\u00e9glages, place enfin \u00e0 la comp\u00e9tition ! Le&hellip;\n","protected":false},"author":2,"featured_media":292101,"comment_status":"","ping_status":"","sticky":false,"template":"","format":"standard","meta":{"footnotes":"","_share_on_mastodon":"0"},"categories":[17],"tags":[170,169,23],"class_list":["post-292100","post","type-post","status-publish","format-standard","has-post-thumbnail","category-geneve","tag-geneva","tag-geneve","tag-suisse"],"share_on_mastodon":{"url":"https:\/\/pubeurope.com\/@ch_fr\/117214497126360738","error":""},"_links":{"self":[{"href":"https:\/\/www.europesays.com\/ch-fr\/wp-json\/wp\/v2\/posts\/292100","targetHints":{"allow":["GET"]}}],"collection":[{"href":"https:\/\/www.europesays.com\/ch-fr\/wp-json\/wp\/v2\/posts"}],"about":[{"href":"https:\/\/www.europesays.com\/ch-fr\/wp-json\/wp\/v2\/types\/post"}],"author":[{"embeddable":true,"href":"https:\/\/www.europesays.com\/ch-fr\/wp-json\/wp\/v2\/users\/2"}],"replies":[{"embeddable":true,"href":"https:\/\/www.europesays.com\/ch-fr\/wp-json\/wp\/v2\/comments?post=292100"}],"version-history":[{"count":0,"href":"https:\/\/www.europesays.com\/ch-fr\/wp-json\/wp\/v2\/posts\/292100\/revisions"}],"wp:featuredmedia":[{"embeddable":true,"href":"https:\/\/www.europesays.com\/ch-fr\/wp-json\/wp\/v2\/media\/292101"}],"wp:attachment":[{"href":"https:\/\/www.europesays.com\/ch-fr\/wp-json\/wp\/v2\/media?parent=292100"}],"wp:term":[{"taxonomy":"category","embeddable":true,"href":"https:\/\/www.europesays.com\/ch-fr\/wp-json\/wp\/v2\/categories?post=292100"},{"taxonomy":"post_tag","embeddable":true,"href":"https:\/\/www.europesays.com\/ch-fr\/wp-json\/wp\/v2\/tags?post=292100"}],"curies":[{"name":"wp","href":"https:\/\/api.w.org\/{rel}","templated":true}]}}