{"id":292114,"date":"2026-09-04T19:55:16","date_gmt":"2026-09-04T19:55:16","guid":{"rendered":"https:\/\/www.europesays.com\/ch-fr\/292114\/"},"modified":"2026-09-04T19:55:16","modified_gmt":"2026-09-04T19:55:16","slug":"vincent-sierro-fait-son-retour-en-europe-a-parme","status":"publish","type":"post","link":"https:\/\/www.europesays.com\/ch-fr\/292114\/","title":{"rendered":"Vincent Sierro fait son retour en Europe, \u00e0 Parme"},"content":{"rendered":"<p class=\"wysiwyg-h2\">Un an apr\u00e8s son d\u00e9part pour l&rsquo;Arabie saoudite, Vincent Sierro va retrouver le football europ\u00e9en. Le Valaisan sign\u00e9 un contrat avec Parme jusqu&rsquo;\u00e0 la fin de la saison, annonce le club italien vendredi.<\/p>\n<p>Cette signature, qui survient quelques jours apr\u00e8s l&rsquo;annonce de la fin de son contrat \u00e0 l&rsquo;amiable avec Al-Shabab, est sans doute motiv\u00e9e par l&rsquo;id\u00e9e de retrouver l&rsquo;\u00e9quipe de Suisse. Depuis son transfert en Saudi Pro League, le milieu de 30 ans a progressivement perdu sa place dans la s\u00e9lection de Murat Yakin et n&rsquo;a pas \u00e9t\u00e9 s\u00e9lectionn\u00e9 pour la Coupe du monde cet \u00e9t\u00e9.<\/p>\n<p>Form\u00e9 au FC Sion, Vincent Sierro s&rsquo;est r\u00e9v\u00e9l\u00e9 \u00e0 Young Boys (2019-2023) avant de briller \u00e0 Toulouse (2023-2025), o\u00f9 il \u00e9tait devenu capitaine. La saison derni\u00e8re, l&rsquo;international suisse (15 s\u00e9lections, 1 but) a jou\u00e9 26 matches dans le championnat saoudien, terminant 13e (sur 18 \u00e9quipes) avec son club.<\/p>\n<p>Il va d\u00e9sormais d\u00e9couvrir la Serie A avec Parme, o\u00f9 il rejoint un autre Suisse, le jeune lat\u00e9ral lucernois Sascha Britschgi (19 ans). Le club d&rsquo;Emilie-Romagne reste sur une 13e place en championnat la saison derni\u00e8re.<\/p>\n<p> \/ATS<\/p>\n","protected":false},"excerpt":{"rendered":"Un an apr\u00e8s son d\u00e9part pour l&rsquo;Arabie saoudite, Vincent Sierro va retrouver le football europ\u00e9en. Le Valaisan sign\u00e9&hellip;\n","protected":false},"author":2,"featured_media":292115,"comment_status":"","ping_status":"","sticky":false,"template":"","format":"standard","meta":{"footnotes":"","_share_on_mastodon":"0"},"categories":[8],"tags":[121,124,128,119,122,123,118,136,132,131,133,130,135,120,126,117,125,114,115,116,75,23,129,127,134],"class_list":["post-292114","post","type-post","status-publish","format-standard","has-post-thumbnail","category-sports","tag-ajoie","tag-animation","tag-bienne","tag-delemont","tag-franches-montagnes","tag-frequence","tag-jura","tag-jura-bernois","tag-la-chaux-de-fonds","tag-moutier","tag-neuchatel","tag-neuveville","tag-payerne","tag-porrentruy","tag-publicite","tag-radio","tag-redaction","tag-rfj","tag-rjb","tag-rtn","tag-sports","tag-suisse","tag-tavannes","tag-vallon-de-st-imier","tag-yverdon"],"share_on_mastodon":{"url":"https:\/\/pubeurope.com\/@ch_fr\/117214532317182142","error":""},"_links":{"self":[{"href":"https:\/\/www.europesays.com\/ch-fr\/wp-json\/wp\/v2\/posts\/292114","targetHints":{"allow":["GET"]}}],"collection":[{"href":"https:\/\/www.europesays.com\/ch-fr\/wp-json\/wp\/v2\/posts"}],"about":[{"href":"https:\/\/www.europesays.com\/ch-fr\/wp-json\/wp\/v2\/types\/post"}],"author":[{"embeddable":true,"href":"https:\/\/www.europesays.com\/ch-fr\/wp-json\/wp\/v2\/users\/2"}],"replies":[{"embeddable":true,"href":"https:\/\/www.europesays.com\/ch-fr\/wp-json\/wp\/v2\/comments?post=292114"}],"version-history":[{"count":0,"href":"https:\/\/www.europesays.com\/ch-fr\/wp-json\/wp\/v2\/posts\/292114\/revisions"}],"wp:featuredmedia":[{"embeddable":true,"href":"https:\/\/www.europesays.com\/ch-fr\/wp-json\/wp\/v2\/media\/292115"}],"wp:attachment":[{"href":"https:\/\/www.europesays.com\/ch-fr\/wp-json\/wp\/v2\/media?parent=292114"}],"wp:term":[{"taxonomy":"category","embeddable":true,"href":"https:\/\/www.europesays.com\/ch-fr\/wp-json\/wp\/v2\/categories?post=292114"},{"taxonomy":"post_tag","embeddable":true,"href":"https:\/\/www.europesays.com\/ch-fr\/wp-json\/wp\/v2\/tags?post=292114"}],"curies":[{"name":"wp","href":"https:\/\/api.w.org\/{rel}","templated":true}]}}