{"id":292126,"date":"2026-09-04T20:04:07","date_gmt":"2026-09-04T20:04:07","guid":{"rendered":"https:\/\/www.europesays.com\/ch-fr\/292126\/"},"modified":"2026-09-04T20:04:07","modified_gmt":"2026-09-04T20:04:07","slug":"votation-geneve-la-gratuite-de-la-contraception-divise","status":"publish","type":"post","link":"https:\/\/www.europesays.com\/ch-fr\/292126\/","title":{"rendered":"Votation Gen\u00e8ve: La gratuit\u00e9 de la contraception divise"},"content":{"rendered":"<p>Une initiative \u00e0 Gen\u00e8ve propose la gratuit\u00e9 de la contraception pour lutter contre les in\u00e9galit\u00e9s d&rsquo;acc\u00e8s et r\u00e9duire les IVG. Le PLR s&rsquo;y oppose, d\u00e9non\u00e7ant une mesure co\u00fbteuse et non cibl\u00e9e. Le vote aura lieu le 27 septembre.<\/p>\n<p>Publi\u00e9: il y a 54 minutes<\/p>\n<p>En bref<\/p>\n<p>G\u00e9n\u00e9r\u00e9 par l\u2019IA, v\u00e9rifi\u00e9 par la r\u00e9daction<\/p>\n<p>Le Parti socialiste de Gen\u00e8ve propose une initiative visant \u00e0 rendre gratuites toutes les m\u00e9thodes contraceptives, incluant pilules, st\u00e9rilets et pr\u00e9servatifs, avec un vote pr\u00e9vu le 27 septembre. Actuellement, les co\u00fbts de contraception en Suisse, non rembours\u00e9s par les assurances, sont jusqu\u2019\u00e0 14 fois plus \u00e9lev\u00e9s qu\u2019en FranceUn st\u00e9rilet co\u00fbte entre 300 et 700 francs, rendant l\u2019acc\u00e8s aux m\u00e9thodes contraceptives difficiles pour certaines femmes. Gen\u00e8ve affiche par ailleurs le taux d\u2019interruptions volontaires de grossesse le plus \u00e9lev\u00e9 de Suisse, avec 10,5 IVG pour 1000 femmes en 2022Les Jeunes PLR s\u2019opposent \u00e0 la gratuit\u00e9 int\u00e9grale, estimant son co\u00fbt \u00e0 environ 20 millions CHF par an et critiquant l\u2019absence de ciblage. Ils soutiennent en revanche le remboursement des pr\u00e9servatifs, utilis\u00e9s par 42% de la population et jug\u00e9s essentiels contre les IST et les grossesses non d\u00e9sir\u00e9es<img alt=\"Riccarda_Campell_Praktikantin Wirtschaft_Blick_2-Bearbeitet.jpg\" loading=\"lazy\"\/><\/p>\n<p>Riccarda Campell<\/p>\n<p>En Suisse, la pilule contraceptive peut co\u00fbter jusqu\u2019\u00e0 14 fois plus cher qu\u2019en France. Chez nos voisins, la s\u00e9curit\u00e9 sociale prend en charge les frais de contraception pour les femmes de moins de 26 ans. En Suisse, en revanche, les caisses d\u2019assurance maladie ne remboursent rien. Une initiative du Parti socialiste (PS) \u00e0 Gen\u00e8ve vise d\u00e9sormais \u00e0 changer la donne. L&rsquo;id\u00e9e sera soumise au vote le 27 septembre prochain.\u00a0<\/p>\n<p>En gros, elle demande que le canton prenne d\u00e9sormais en charge l&rsquo;ensemble des m\u00e9thodes contraceptives, c&rsquo;est-\u00e0-dire: pr\u00e9servatifs, pilule, contraception d\u2019urgence, implants, patchs, anneaux et st\u00e9rilets. Les co\u00fbts initiaux s&rsquo;av\u00e8rent particuli\u00e8rement \u00e9lev\u00e9s pour les contraceptifs \u00e0 long terme. Un st\u00e9rilet revient par exemple entre 300 et 700 francs environ.<\/p>\n<p>\u00abCe sont les femmes qui assument les co\u00fbts\u00bb<\/p>\n<p>\u00abCette situation cr\u00e9e une in\u00e9galit\u00e9 dans l\u2019acc\u00e8s \u00e0 la contraception\u00bb, d\u00e9clare la politicienne socialiste et m\u00e9decin Jacklean Kalibala \u00e0 Blick. Pour des raisons financi\u00e8res, de nombreuses femmes ne peuvent pas opter pour la m\u00e9thode qui leur convient le mieux. \u00abUn quart de la population genevoise renonce aux soins m\u00e9dicaux pour des raisons financi\u00e8res. L\u2019obstacle \u00e9conomique \u00e0 l\u2019acc\u00e8s aux prestations de sant\u00e9 est donc bien r\u00e9el.\u00bb<\/p>\n<p>\u00ab<\/p>\n<p>Gen\u00e8ve pourrait ainsi se positionner comme un pr\u00e9curseur en mati\u00e8re d\u2019acc\u00e8s aux soins de sant\u00e9<\/p>\n<p>Or, la pilule et le st\u00e9rilet figurant parmi les m\u00e9thodes contraceptives les plus fiables, un acc\u00e8s gratuit permettrait \u00e9galement d\u2019\u00e9viter les \u00e9checs contraceptifs. Selon des \u00e9tudes r\u00e9centes, Gen\u00e8ve affiche le taux d\u2019interruptions volontaires de grossesse (IVG) le plus \u00e9lev\u00e9 de Suisse: en 2022, on comptait 10,5 interruptions pour 1000 femmes.<\/p>\n<p>Les initiatrices souhaitent par ailleurs \u00e9liminer une autre injustice. \u00abLa pr\u00e9vention d\u2019une grossesse non d\u00e9sir\u00e9e concerne les deux partenaires. Or, \u00e0 l\u2019heure actuelle, ce sont majoritairement les femmes qui assument la responsabilit\u00e9 et les co\u00fbts de la contraception\u00bb, explique Jacklean Kalibala.\u00a0<\/p>\n<p>L\u2019initiative b\u00e9n\u00e9ficie du soutien des Vert-e-s. Le parti y voit une occasion de rattraper le retard de la Suisse par rapport \u00e0 d\u2019autres pays europ\u00e9ens qui remboursent d\u00e9j\u00e0 les contraceptifs. \u00abGen\u00e8ve pourrait ainsi se positionner comme un pr\u00e9curseur en mati\u00e8re d\u2019acc\u00e8s aux soins de sant\u00e9\u00bb, \u00e9crivent les Vert-e-s dans un communiqu\u00e9.<\/p>\n<p>Les Jeunes PLR ont lanc\u00e9 un contre-projet<\/p>\n<p>L\u2019initiative suscite toutefois une vive r\u00e9sistance. Le PLR s\u2019oppose \u00e0 une prise en charge int\u00e9grale des co\u00fbts. \u00abGratuit\u00bb signifie en fin de compte que ce sont les contribuables qui devront r\u00e9gler l&rsquo;addition. Le parti \u00e9value la facture \u00e0 environ 20 millions de francs par an.<\/p>\n<p>\u00ab<\/p>\n<p>Pour \u00eatre efficace, une mesure \u00e9tatique doit \u00eatre cibl\u00e9eAlexis Couniniotis, pr\u00e9sident des Jeunes PLR<\/p>\n<p>\u00bb<\/p>\n<p>\u00abCette estimation ne tient pas compte des co\u00fbts li\u00e9s aux consultations, au suivi m\u00e9dical et aux frais administratifs\u00bb, explique Alexis Couniniotis, pr\u00e9sident des Jeunes lib\u00e9raux-radicaux de Gen\u00e8ve. De plus, l\u2019initiative ne cible pas un groupe sp\u00e9cifique: \u00abUn cadre de 45 ans a les m\u00eames droits qu\u2019une \u00e9tudiante de 19 ans. Or, pour \u00eatre efficace, une mesure \u00e9tatique doit \u00eatre cibl\u00e9e.\u00bb<\/p>\n<p>Mardi dernier, les Jeunes PLR ont donc lanc\u00e9 une campagne contre ce projet. Leur position? \u00abLe choix de la m\u00e9thode contraceptive appartient \u00e0 chacun. C\u2019est une affaire priv\u00e9e. L\u2019Etat n\u2019a pas \u00e0 s\u2019immiscer dans nos chambres \u00e0 coucher.\u00bb<\/p>\n<p>\u00ab La v\u00e9ritable urgence? C\u2019est la hausse des IST\u00bb<\/p>\n<p>En revanche, les Jeunes lib\u00e9raux-radicaux estiment que l\u2019Etat a un r\u00f4le \u00e0 jouer face aux infections sexuellement transmissibles (IST). \u00abLa v\u00e9ritable urgence sanitaire, c\u2019est l\u2019augmentation des infections sexuellement transmissibles\u00bb, d\u00e9clare Lea Di Benedetto. Comme de moins en moins de personnes utilisent des pr\u00e9servatifs, le risque \u00abn\u2019est plus individuel, mais collectif\u00bb. C\u2019est pourquoi l\u2019Etat doit intervenir.<\/p>\n<p>Le parti se f\u00e9licite donc que le gouvernement souhaite prendre en charge le co\u00fbt des pr\u00e9servatifs. Le PLR soutient \u00e9galement cette mesure au Parlement. \u00abLe pr\u00e9servatif est la seule m\u00e9thode qui prot\u00e8ge \u00e0 la fois contre les infections sexuellement transmissibles et contre les grossesses non d\u00e9sir\u00e9es\u00bb, explique Pascal Uehlinger, responsable de la politique de sant\u00e9 au sein du PLR. Avec un taux de 42%, il reste par ailleurs la m\u00e9thode contraceptive la plus utilis\u00e9e.<\/p>\n","protected":false},"excerpt":{"rendered":"Une initiative \u00e0 Gen\u00e8ve propose la gratuit\u00e9 de la contraception pour lutter contre les in\u00e9galit\u00e9s d&rsquo;acc\u00e8s et r\u00e9duire&hellip;\n","protected":false},"author":2,"featured_media":292127,"comment_status":"","ping_status":"","sticky":false,"template":"","format":"standard","meta":{"footnotes":"","_share_on_mastodon":"0"},"categories":[17],"tags":[170,169,23],"class_list":["post-292126","post","type-post","status-publish","format-standard","has-post-thumbnail","category-geneve","tag-geneva","tag-geneve","tag-suisse"],"share_on_mastodon":{"url":"https:\/\/pubeurope.com\/@ch_fr\/117214567912491652","error":""},"_links":{"self":[{"href":"https:\/\/www.europesays.com\/ch-fr\/wp-json\/wp\/v2\/posts\/292126","targetHints":{"allow":["GET"]}}],"collection":[{"href":"https:\/\/www.europesays.com\/ch-fr\/wp-json\/wp\/v2\/posts"}],"about":[{"href":"https:\/\/www.europesays.com\/ch-fr\/wp-json\/wp\/v2\/types\/post"}],"author":[{"embeddable":true,"href":"https:\/\/www.europesays.com\/ch-fr\/wp-json\/wp\/v2\/users\/2"}],"replies":[{"embeddable":true,"href":"https:\/\/www.europesays.com\/ch-fr\/wp-json\/wp\/v2\/comments?post=292126"}],"version-history":[{"count":0,"href":"https:\/\/www.europesays.com\/ch-fr\/wp-json\/wp\/v2\/posts\/292126\/revisions"}],"wp:featuredmedia":[{"embeddable":true,"href":"https:\/\/www.europesays.com\/ch-fr\/wp-json\/wp\/v2\/media\/292127"}],"wp:attachment":[{"href":"https:\/\/www.europesays.com\/ch-fr\/wp-json\/wp\/v2\/media?parent=292126"}],"wp:term":[{"taxonomy":"category","embeddable":true,"href":"https:\/\/www.europesays.com\/ch-fr\/wp-json\/wp\/v2\/categories?post=292126"},{"taxonomy":"post_tag","embeddable":true,"href":"https:\/\/www.europesays.com\/ch-fr\/wp-json\/wp\/v2\/tags?post=292126"}],"curies":[{"name":"wp","href":"https:\/\/api.w.org\/{rel}","templated":true}]}}