{"id":292142,"date":"2026-09-04T20:14:09","date_gmt":"2026-09-04T20:14:09","guid":{"rendered":"https:\/\/www.europesays.com\/ch-fr\/292142\/"},"modified":"2026-09-04T20:14:09","modified_gmt":"2026-09-04T20:14:09","slug":"tecno-devoile-ses-nouveaux-ordinateurs-portables-megabook-et-ses-nouveaux-smartphones-a-lifa-showstoppers-2026","status":"publish","type":"post","link":"https:\/\/www.europesays.com\/ch-fr\/292142\/","title":{"rendered":"TECNO d\u00e9voile ses nouveaux ordinateurs portables MEGABOOK et ses nouveaux smartphones \u00e0 l&rsquo;IFA ShowStoppers 2026"},"content":{"rendered":"<p>Berlin, le 3 septembre 2026 &#8212; TECNO, marque technologique innovante pilot\u00e9e par l&rsquo;IA, a lanc\u00e9 aujourd&rsquo;hui la s\u00e9rie MEGABOOK T15 360 \u00e0 l&rsquo;IFA ShowStoppers 2026, marquant les d\u00e9buts de sa premi\u00e8re gamme d&rsquo;ordinateurs portables dot\u00e9e d&rsquo;une charni\u00e8re \u00e0 360\u00b0 et d&rsquo;un \u00e9cran tactile.<\/p>\n<p>La pr\u00e9sentation de TECNO \u00e0 l&rsquo;IFA ShowStoppers 2026 a \u00e9galement mis en avant le MEGABOOK T17 Ultra 17 pouces, le MEGABOOK K15S WCL \u2014 premier ordinateur portable de TECNO bas\u00e9 sur la plateforme Intel Wildcat Lake \u2014, le concept phone Next-Gen Bezelless, le futur TECNO POVA 8 Pro 5G \u00c9dition Limit\u00e9e Tonino Lamborghini, ainsi que le TECNO CAMON Slim 5G.<\/p>\n<p>S\u00e9rie MEGABOOK T15 360 : le premier ordinateur portable \u00e0 \u00e9cran tactile et charni\u00e8re \u00e0 360\u00b0 de TECNO<\/p>\n<p>La s\u00e9rie MEGABOOK T15 360, compos\u00e9e du MEGABOOK T15 360 et du MEGABOOK T15 360 Pro, a \u00e9t\u00e9 con\u00e7ue pour s&rsquo;adapter aux usages de plus en plus fluides des utilisateurs qui travaillent, \u00e9tudient, cr\u00e9ent et consomment du contenu, ainsi qu&rsquo;\u00e0 la double demande de tablette et d&rsquo;ordinateur portable. La s\u00e9rie offre la flexibilit\u00e9 n\u00e9cessaire pour s&rsquo;adapter \u00e0 des sc\u00e9narios quotidiens vari\u00e9s avec un seul appareil. Elle apporte polyvalence haut de gamme et praticit\u00e9 nomade \u00e0 un ordinateur portable convertible et tactile, destin\u00e9 aux cadres en d\u00e9placement, aux entrepreneurs individuels et aux professionnels effectuant des pr\u00e9sentations.<\/p>\n<p>Lib\u00e9r\u00e9e de la forme fixe d&rsquo;un ordinateur portable classique, la s\u00e9rie MEGABOOK T15 360 est dot\u00e9e d&rsquo;un \u00e9cran qui pivote en douceur sur 360 degr\u00e9s complets, permettant \u00e0 l&rsquo;appareil de s&rsquo;adapter \u00e0 diff\u00e9rentes t\u00e2ches tout en restant pratique, m\u00eame dans des espaces restreints. Le mode Ordinateur portable offre une configuration famili\u00e8re propice \u00e0 la productivit\u00e9, tandis que le mode Tablette facilite la prise de notes, l&rsquo;interaction tactile intuitive et le dessin cr\u00e9atif. L&rsquo;appareil peut \u00e9galement \u00eatre positionn\u00e9 en mode Tente pour un visionnage de contenu pratique lorsque l&rsquo;espace est limit\u00e9, ou en mode Support pour partager des id\u00e9es et pr\u00e9senter du contenu.<\/p>\n<p>Dot\u00e9 d&rsquo;un ch\u00e2ssis int\u00e9gralement m\u00e9tallique fa\u00e7onn\u00e9 par usinage CNC de pr\u00e9cision, l&rsquo;appareil allie flexibilit\u00e9 et design raffin\u00e9 et durable, adapt\u00e9 \u00e0 une utilisation au bureau, en r\u00e9union ou en d\u00e9placement.<\/p>\n<p>C\u00f4t\u00e9 affichage, les deux mod\u00e8les sont \u00e9quip\u00e9s d&rsquo;un \u00e9cran tactile de 15,6 pouces au format 16:9, avec une fonction multitouch r\u00e9active \u00e0 10 points. La prise en charge optionnelle d&rsquo;un stylet actif MPP 2.0 apporte une pr\u00e9cision accrue pour l&rsquo;\u00e9criture manuscrite, l&rsquo;annotation et d&rsquo;autres t\u00e2ches cr\u00e9atives.<\/p>\n<p><a href=\"https:\/\/www.europesays.com\/ch-fr\/wp-content\/uploads\/2026\/09\/XbAcRrvGgmAfzfR0g7Ld5NCpTL7DFTssKbkgj7j9.jpg\"><img loading=\"lazy\" decoding=\"async\" src=\"https:\/\/www.europesays.com\/ch-fr\/wp-content\/uploads\/2026\/09\/XbAcRrvGgmAfzfR0g7Ld5NCpTL7DFTssKbkgj7j9.jpg\" width=\"1364\" height=\"910\" alt=\"XbAcRrvGgmAfzfR0g7Ld5NCpTL7DFTssKbkgj7j9.jpg\"\/>Image4.jpg 225.63 KB<\/a><\/p>\n<p>Les configurations d&rsquo;affichage distinguent davantage les deux mod\u00e8les. Sur le MEGABOOK T15 360, un \u00e9cran Full HD offre un taux de rafra\u00eechissement de 60 Hz et une luminosit\u00e9 typique de 320 nits. Pour une exp\u00e9rience visuelle sup\u00e9rieure, le MEGABOOK T15 360 Pro est dot\u00e9 d&rsquo;un \u00e9cran 2,5K \u00e0 120 Hz avec une r\u00e9solution de 2560 \u00d7 1440, une couverture de 100 % de l&rsquo;espace colorim\u00e9trique sRGB et une luminosit\u00e9 typique de 350 nits, offrant davantage de d\u00e9tails et une couverture colorim\u00e9trique plus \u00e9tendue.<\/p>\n<p>L&rsquo;exp\u00e9rience est encore renforc\u00e9e par des performances \u00e9lev\u00e9es, un stockage flexible et une autonomie durable. Sur l&rsquo;ensemble de la s\u00e9rie, des configurations sont disponibles jusqu&rsquo;\u00e0 un processeur Intel Core Ultra 9 185H, offrant la puissance n\u00e9cessaire pour le multit\u00e2che et les charges de travail exigeantes. Les deux mod\u00e8les utilisent une m\u00e9moire LPDDR5X cadenc\u00e9e jusqu&rsquo;\u00e0 7 467 MHz, associ\u00e9e \u00e0 un stockage SSD PCIe M.2 2280. Un second emplacement M.2 pour SSD est disponible sur certaines configurations, offrant un espace de stockage suppl\u00e9mentaire. Pour une utilisation nomade, une batterie de 70 Wh est associ\u00e9e \u00e0 un chargeur GaN compact de 65 W en PD, permettant une plus grande autonomie d&rsquo;utilisation.<\/p>\n<p>Au-del\u00e0 de la puissance, la s\u00e9rie offre \u00e9galement une connectivit\u00e9 flexible. La prise en charge du Wi-Fi 6E et du Bluetooth 5.4 est compl\u00e9t\u00e9e par sept ports int\u00e9gr\u00e9s pour les \u00e9crans externes, le stockage et les p\u00e9riph\u00e9riques courants. TECNO OneLeap \u00e9tend cette exp\u00e9rience aux smartphones, tablettes et ordinateurs pour une collaboration multi-appareils.<\/p>\n<p>Des d\u00e9tails pratiques viennent enrichir l&rsquo;usage quotidien, notamment un clavier r\u00e9tro\u00e9clair\u00e9 dot\u00e9 d&rsquo;un pav\u00e9 num\u00e9rique ind\u00e9pendant et d&rsquo;un bouton d&rsquo;alimentation int\u00e9grant un lecteur d&#8217;empreintes digitales pour une connexion en un geste. Des haut-parleurs doubles compatibles DTS:X Ultra, une webcam et des microphones num\u00e9riques doubles compl\u00e8tent l&rsquo;\u00e9quipement pour les r\u00e9unions, la communication et le divertissement.<\/p>\n<p>La s\u00e9rie MEGABOOK T15 360 arrivera en Europe au quatri\u00e8me trimestre 2026 ; le mod\u00e8le standard sera propos\u00e9 entre 899 \u20ac et 999 \u20ac selon la configuration, et le mod\u00e8le Pro \u00e0 1 099 \u20ac. Avec cette tarification comp\u00e9titive, la s\u00e9rie MEGABOOK T15 360 entend rendre les ordinateurs portables convertibles et tactiles accessibles \u00e0 un public plus large. Pour les utilisateurs recherchant, au sein d&rsquo;un seul appareil, une flexibilit\u00e9 de format, une interaction intuitive, des performances \u00e9lev\u00e9es et un \u00e9cran g\u00e9n\u00e9reux afin de couvrir des sc\u00e9narios quotidiens vari\u00e9s, la s\u00e9rie propose les derni\u00e8res technologies \u00e0 un prix qui \u00e9largit l&rsquo;acc\u00e8s.<\/p>\n<p>Deux mod\u00e8les MEGABOOK suppl\u00e9mentaires compl\u00e8tent la gamme pour r\u00e9pondre \u00e0 des priorit\u00e9s diff\u00e9rentes. Destin\u00e9 aux jeunes professionnels et aux \u00e9tudiants, le MEGABOOK K15S WCL associe la plateforme Intel Wildcat Lake, \u00e9conomique, \u00e0 un g\u00e9n\u00e9reux \u00e9cran 16:10, un ch\u00e2ssis tout m\u00e9tal durable, une batterie de 70 Wh et une charge rapide GaN de 65 W, offrant des performances fiables, un espace d&rsquo;affichage confortable et une autonomie durable pour le travail et les \u00e9tudes au quotidien. Cette combinaison en fait un choix \u00e9quilibr\u00e9 pour les utilisateurs soucieux de leur budget. Pour les utilisateurs orient\u00e9s performance qui privil\u00e9gient \u00e9galement le divertissement et l&rsquo;usage familial partag\u00e9, le polyvalent MEGABOOK T17 Ultra de 17,3 pouces propose jusqu&rsquo;\u00e0 un processeur Intel Core Ultra 9 et une m\u00e9moire LPDDR5X pour une productivit\u00e9 exigeante, du jeu mod\u00e9r\u00e9 et de la retouche cr\u00e9ative. Son large \u00e9cran 16:9 offre une exp\u00e9rience de visionnage plus immersive, tandis que sa batterie de 99,99 Wh et sa charge rapide GaN PD de 100 W permettent de prolonger les sessions de travail, de jeu et de divertissement.<\/p>\n<p>Concept phone Next-Gen Bezelless et deux nouveaux smartphones \u00e0 venir en septembre<\/p>\n<p>Le concept phone Next-Gen Bezelless de TECNO a fait ses d\u00e9buts publics \u00e0 l&rsquo;IFA ShowStoppers 2026. Il supprime enti\u00e8rement les bordures noires physiques de l&rsquo;\u00e9cran gr\u00e2ce \u00e0 une refonte de l&rsquo;architecture d&rsquo;affichage reposant sur un nouvel empilement interne, une ing\u00e9nierie structurelle et des techniques de conditionnement d&rsquo;\u00e9cran in\u00e9dites. Cette bordure d&rsquo;\u00e9cran v\u00e9ritablement de 0 mm offre une exp\u00e9rience de visionnage plus \u00e9pur\u00e9e et totalement ininterrompue.<\/p>\n<p><a href=\"https:\/\/www.europesays.com\/ch-fr\/wp-content\/uploads\/2026\/09\/whwIJ6Gx6EtVzYkpq8zilXhFWFYLMzawViFC7019.jpg\"><img loading=\"lazy\" decoding=\"async\" src=\"https:\/\/www.europesays.com\/ch-fr\/wp-content\/uploads\/2026\/09\/whwIJ6Gx6EtVzYkpq8zilXhFWFYLMzawViFC7019.jpg\" width=\"1364\" height=\"910\" alt=\"whwIJ6Gx6EtVzYkpq8zilXhFWFYLMzawViFC7019.jpg\"\/>Image5.jpg 123.92 KB<\/a><\/p>\n<p>Au-del\u00e0 de ces concepts tourn\u00e9s vers l&rsquo;avenir, la pr\u00e9sentation a \u00e9galement mis en lumi\u00e8re deux smartphones con\u00e7us autour de priorit\u00e9s distinctes : le POVA 8 Pro 5G \u00c9dition Limit\u00e9e Tonino Lamborghini, orient\u00e9 performance, \u00e0 l&rsquo;identit\u00e9 de design embl\u00e9matique, et le CAMON Slim 5G, ultra-fin, dot\u00e9 d&rsquo;un syst\u00e8me photo de niveau professionnel.<\/p>\n<p>Le TECNO POVA 8 Pro 5G \u00c9dition Limit\u00e9e Tonino Lamborghini arbore l&rsquo;identit\u00e9 de design embl\u00e9matique de Tonino Lamborghini tout en conservant les performances globales caract\u00e9ristiques de la s\u00e9rie POVA en mati\u00e8re de calcul, d&rsquo;imagerie et d&rsquo;IA. Ses performances reposent sur une architecture \u00e0 double puce associant la plateforme MediaTek Dimensity 7400 Ultimate 5G et la puce graphique P1 d\u00e9velopp\u00e9e par TECNO, soutenue par un syst\u00e8me de refroidissement \u00e0 chambre \u00e0 vapeur 5K IceShield. L&rsquo;ensemble des caract\u00e9ristiques du produit sera d\u00e9voil\u00e9 le 4 septembre.<\/p>\n<p><a href=\"https:\/\/www.europesays.com\/ch-fr\/wp-content\/uploads\/2026\/09\/pAVab7PBoLaf7yzBepVOfZMlniXTGj1d0RzFPPLk.jpg\"><img loading=\"lazy\" decoding=\"async\" src=\"https:\/\/www.europesays.com\/ch-fr\/wp-content\/uploads\/2026\/09\/pAVab7PBoLaf7yzBepVOfZMlniXTGj1d0RzFPPLk.jpg\" width=\"1364\" height=\"910\" alt=\"pAVab7PBoLaf7yzBepVOfZMlniXTGj1d0RzFPPLk.jpg\"\/>Image6.jpg 196.58 KB<\/a><\/p>\n<p>Le TECNO CAMON Slim 5G apporte les capacit\u00e9s d&rsquo;imagerie de la gamme CAMON dans un corps ultra-fin de 6,39 mm. Il associe une identit\u00e9 de design artistique, un syst\u00e8me photo de niveau professionnel et des fonctionnalit\u00e9s IA pratiques, le tout dans des coloris uniques aux allures artistiques. Chaque CAMON Slim 5G n&rsquo;est pas seulement un t\u00e9l\u00e9phone, mais une v\u00e9ritable \u0153uvre d&rsquo;art \u00e0 tenir en main. L&rsquo;ensemble des caract\u00e9ristiques du produit sera d\u00e9voil\u00e9 le 7 septembre.<\/p>\n<p>TECNO CAMON Slim (\u00e0 gauche) et TECNO CAMON Slim 5G (\u00e0 droite)<\/p>\n<p>Des d\u00e9buts des ordinateurs portables TECNO MEGABOOK aux prochains smartphones, cette gamme illustre la volont\u00e9 de TECNO d&rsquo;explorer de nouveaux formats et de faire progresser l&rsquo;innovation en mati\u00e8re de design. Elle refl\u00e8te l&rsquo;expansion continue du portefeuille de TECNO, visant \u00e0 offrir des exp\u00e9riences adaptables et intuitives, con\u00e7ues pour la fa\u00e7on dont les gens vivent, travaillent et cr\u00e9ent.<\/p>\n","protected":false},"excerpt":{"rendered":"Berlin, le 3 septembre 2026 &#8212; TECNO, marque technologique innovante pilot\u00e9e par l&rsquo;IA, a lanc\u00e9 aujourd&rsquo;hui la s\u00e9rie&hellip;\n","protected":false},"author":2,"featured_media":292143,"comment_status":"","ping_status":"","sticky":false,"template":"","format":"standard","meta":{"footnotes":"","_share_on_mastodon":"0"},"categories":[7],"tags":[61,57,59,58,23,60,62],"class_list":["post-292142","post","type-post","status-publish","format-standard","has-post-thumbnail","category-sciences-et-technologies","tag-science","tag-science-and-technology","tag-sciences","tag-sciences-et-technologies","tag-suisse","tag-technologies","tag-technology"],"share_on_mastodon":{"url":"https:\/\/pubeurope.com\/@ch_fr\/117214607644724168","error":""},"_links":{"self":[{"href":"https:\/\/www.europesays.com\/ch-fr\/wp-json\/wp\/v2\/posts\/292142","targetHints":{"allow":["GET"]}}],"collection":[{"href":"https:\/\/www.europesays.com\/ch-fr\/wp-json\/wp\/v2\/posts"}],"about":[{"href":"https:\/\/www.europesays.com\/ch-fr\/wp-json\/wp\/v2\/types\/post"}],"author":[{"embeddable":true,"href":"https:\/\/www.europesays.com\/ch-fr\/wp-json\/wp\/v2\/users\/2"}],"replies":[{"embeddable":true,"href":"https:\/\/www.europesays.com\/ch-fr\/wp-json\/wp\/v2\/comments?post=292142"}],"version-history":[{"count":0,"href":"https:\/\/www.europesays.com\/ch-fr\/wp-json\/wp\/v2\/posts\/292142\/revisions"}],"wp:featuredmedia":[{"embeddable":true,"href":"https:\/\/www.europesays.com\/ch-fr\/wp-json\/wp\/v2\/media\/292143"}],"wp:attachment":[{"href":"https:\/\/www.europesays.com\/ch-fr\/wp-json\/wp\/v2\/media?parent=292142"}],"wp:term":[{"taxonomy":"category","embeddable":true,"href":"https:\/\/www.europesays.com\/ch-fr\/wp-json\/wp\/v2\/categories?post=292142"},{"taxonomy":"post_tag","embeddable":true,"href":"https:\/\/www.europesays.com\/ch-fr\/wp-json\/wp\/v2\/tags?post=292142"}],"curies":[{"name":"wp","href":"https:\/\/api.w.org\/{rel}","templated":true}]}}