{"id":292144,"date":"2026-09-04T20:15:32","date_gmt":"2026-09-04T20:15:32","guid":{"rendered":"https:\/\/www.europesays.com\/ch-fr\/292144\/"},"modified":"2026-09-04T20:15:32","modified_gmt":"2026-09-04T20:15:32","slug":"achat-a-credit-le-conseil-federal-veut-agir-contre-lendettement","status":"publish","type":"post","link":"https:\/\/www.europesays.com\/ch-fr\/292144\/","title":{"rendered":"Achat \u00e0 cr\u00e9dit: le Conseil f\u00e9d\u00e9ral veut agir contre l\u2019endettement"},"content":{"rendered":"\n<p>        \u2013   <\/p>\n<p> Berne s\u2019attaque \u00e0 la face cach\u00e9e du paiement en plusieurs fois <\/p>\n<p class=\"lead regular externalicon-big astro-odojtzmo\"> Frais suppl\u00e9mentaires, contr\u00f4les de solvabilit\u00e9 insuffisants, acc\u00e8s facile pour les mineurs: le \u00abbuy now, pay later\u00bb \u00e9chappe \u00e0 la loi sur le cr\u00e9dit. Gauche et droite s\u2019unissent pour y rem\u00e9dier.  <\/p>\n<p>   <img loading=\"lazy\" decoding=\"async\" src=\"https:\/\/www.europesays.com\/ch-fr\/wp-content\/uploads\/2026\/09\/1788552931_960_6A17SKeUalK9Nv0mDqJd6T.jpg\"  width=\"100\" height=\"100\"  alt=\"Claude Beda\" class=\"AuthorImage -content-head authorimage astro-ivm7rlur astro-uymtm5hg\" style=\"background-color:#A7A7A7\"\/>         Publi\u00e9 aujourd\u2019hui \u00e0 12h18                           LinkedIn Lien copi\u00e9 Error occurred        Facebook Lien copi\u00e9 Error occurred        X Lien copi\u00e9 Error occurred           E-mail Lien copi\u00e9 Error occurred        Copier le lien Lien copi\u00e9 Error occurred                    <img decoding=\"async\" loading=\"eager\" fetchpriority=\"high\" src=\"https:\/\/www.europesays.com\/ch-fr\/wp-content\/uploads\/2026\/09\/2uueQfdAaMtADJ92zZ-lDz.jpg\" data-image-url=\"https:\/\/www.europesays.com\/ch-fr\/wp-content\/uploads\/2026\/09\/2uueQfdAaMtADJ92zZ-lDz.jpg\" alt=\"Rapha\u00ebl Mahaim, d\u00e9put\u00e9 Vert vaudois, s\u2019exprime au Conseil national \u00e0 Berne lors de la session de printemps 2026, les mains lev\u00e9es.\" title=\"Rapha\u00ebl Mahaim, d\u00e9put\u00e9 Vert vaudois, s\u2019exprime au Conseil national \u00e0 Berne lors de la session de printemps 2026, les mains lev\u00e9es.\" class=\"ResponsiveImage responsive-image astro-xbt4piv4\" style=\"background-color:#A87B44\" onload=\"this.style.backgroundColor = &quot;transparent&quot;\"\/>           <\/p>\n<p>Le conseiller national vaudois Rapha\u00ebl Mahaim, pr\u00e9sident de l\u2019association fa\u00eeti\u00e8re Dettes Conseils Suisse, a \u00e9t\u00e9 l\u2019auteur d\u2019une intervention au parlement.<\/p>\n<p>KEYSTONE<\/p>\n<p class=\"astro-gkn4pfbc articleParagraph externalicon-big focus _content-width article-element astro-bqhs6jcx\">Le Conseil f\u00e9d\u00e9ral recommande l\u2019adoption de deux interventions parlementaires visant \u00e0 mieux encadrer les offres \u00abbuy now, pay later\u00bb (\u00abachetez maintenant, payez plus tard\u00bb), en raison des risques d\u2019endettement, rapporte <a class=\" astro-bqhs6jcx\" target=\"_blank\" rel=\"noopener noreferrer nofollow\" href=\"https:\/\/www.blick.ch\/fr\/suisse\/fini-les-achats-a-credit-acheter-aujourdhui-payer-demain-une-formule-qui-inquiete-le-conseil-federal-id22224101.html\" data-article-link=\"https:\/\/www.blick.ch\/fr\/suisse\/fini-les-achats-a-credit-acheter-aujourdhui-payer-demain-une-formule-qui-inquiete-le-conseil-federal-id22224101.html\">\u00abBlick\u00bb<\/a>. Selon ces textes, le gouvernement devra analyser les lacunes juridiques existantes en mati\u00e8re de protection contre <a class=\"noExternalIcon astro-bqhs6jcx\" target=\"_self\" href=\"https:\/\/www.24heures.ch\/hypotheque-lendettement-des-suisses-depasse-1300-milliards-212302799386\" data-article-link=\"https:\/\/www.24heures.ch\/hypotheque-lendettement-des-suisses-depasse-1300-milliards-212302799386\" rel=\"nofollow noopener\">l\u2019endettement<\/a> et proposer des mesures pour y rem\u00e9dier.<\/p>\n<p class=\"astro-gkn4pfbc articleParagraph externalicon-big focus _content-width article-element astro-bqhs6jcx\">Ces offres permettent de reporter ou fractionner le paiement d\u2019achats en ligne, \u00e9quivalant \u00e0 un cr\u00e9dit \u00e0 court terme. Des int\u00e9r\u00eats ou frais viennent fr\u00e9quemment s\u2019ajouter \u00e0 la facture initiale.<\/p>\n<p> Le volume des op\u00e9rations \u00abbuy now, pay later\u00bb en croissance<\/p>\n<p class=\"astro-gkn4pfbc articleParagraph externalicon-big focus _content-width article-element astro-bqhs6jcx\">Les interventions ont \u00e9t\u00e9 d\u00e9pos\u00e9es par le conseiller national vaudois des Verts Rapha\u00ebl Mahaim, pr\u00e9sident de l\u2019association fa\u00eeti\u00e8re Dettes Conseils Suisse, et par sa coll\u00e8gue Patricia von Falkenstein (PLD). Elles sont cosign\u00e9es par des \u00e9lus de gauche comme de droite.<\/p>\n<p class=\"astro-gkn4pfbc articleParagraph externalicon-big focus _content-width article-element astro-bqhs6jcx\">Dettes Conseils Suisse avait alert\u00e9 sur ce ph\u00e9nom\u00e8ne. Son directeur, Pascal Pfister, avait indiqu\u00e9 \u00e0 \u00abBlick\u00bb que ces offres gagnaient en importance aupr\u00e8s des jeunes, les conditions d\u2019acc\u00e8s \u00e9tant moins strictes que pour les cr\u00e9dits \u00e0 la consommation classiques ou les cartes de cr\u00e9dit, \u00e9voquant une \u00abzone grise juridique\u00bb.<\/p>\n<p class=\"astro-gkn4pfbc articleParagraph externalicon-big focus _content-width article-element astro-bqhs6jcx\">Le Conseil f\u00e9d\u00e9ral devra aussi \u00e9valuer la capacit\u00e9 financi\u00e8re des clients r\u00e9currents dont les engagements d\u00e9passent 500\u00a0fr. Des mesures plus strictes sont aussi \u00e0 l\u2019\u00e9tude, notamment l\u2019exclusion des mineurs ou des personnes faisant l\u2019objet de poursuites. Selon des estimations, le secteur devrait cro\u00eetre d\u2019environ 10% par an, le volume en Suisse pouvant atteindre 4\u00a0milliards de francs d\u2019ici \u00e0 cinq\u00a0ans.<\/p>\n<p class=\"boxtitle astro-hwrdf5ss astro-bqhs6jcx\">Sur l\u2019endettement<\/p>\n<p>      Newsletter    <\/p>\n<p>\u00abConso\u00bb<\/p>\n<p> Comparatifs, nouvelles tendances et conseils pour garder la main sur votre porte-monnaie. Chaque mardi. <\/p>\n<p class=\"astro-2yzsvld2\"> <a class=\"more astro-2yzsvld2\" href=\"https:\/\/www.24heures.ch\/nos-newsletters\" rel=\"nofollow noopener\" target=\"_blank\"> Autres newsletters <\/a> <\/p>\n<p>       Se connecter       <\/p>\n","protected":false},"excerpt":{"rendered":"\u2013 Berne s\u2019attaque \u00e0 la face cach\u00e9e du paiement en plusieurs fois Frais suppl\u00e9mentaires, contr\u00f4les de solvabilit\u00e9 insuffisants,&hellip;\n","protected":false},"author":2,"featured_media":292145,"comment_status":"","ping_status":"","sticky":false,"template":"","format":"standard","meta":{"footnotes":"","_share_on_mastodon":"0"},"categories":[6],"tags":[45,1985,195,44,43,11309,37,194,23],"class_list":["post-292144","post","type-post","status-publish","format-standard","has-post-thumbnail","category-economie","tag-business","tag-conseil-federal","tag-content-en-continu","tag-economie","tag-economy","tag-facts","tag-stats-seo","tag-stats-seo-trends","tag-suisse"],"share_on_mastodon":{"url":"https:\/\/pubeurope.com\/@ch_fr\/117214610913105016","error":""},"_links":{"self":[{"href":"https:\/\/www.europesays.com\/ch-fr\/wp-json\/wp\/v2\/posts\/292144","targetHints":{"allow":["GET"]}}],"collection":[{"href":"https:\/\/www.europesays.com\/ch-fr\/wp-json\/wp\/v2\/posts"}],"about":[{"href":"https:\/\/www.europesays.com\/ch-fr\/wp-json\/wp\/v2\/types\/post"}],"author":[{"embeddable":true,"href":"https:\/\/www.europesays.com\/ch-fr\/wp-json\/wp\/v2\/users\/2"}],"replies":[{"embeddable":true,"href":"https:\/\/www.europesays.com\/ch-fr\/wp-json\/wp\/v2\/comments?post=292144"}],"version-history":[{"count":0,"href":"https:\/\/www.europesays.com\/ch-fr\/wp-json\/wp\/v2\/posts\/292144\/revisions"}],"wp:featuredmedia":[{"embeddable":true,"href":"https:\/\/www.europesays.com\/ch-fr\/wp-json\/wp\/v2\/media\/292145"}],"wp:attachment":[{"href":"https:\/\/www.europesays.com\/ch-fr\/wp-json\/wp\/v2\/media?parent=292144"}],"wp:term":[{"taxonomy":"category","embeddable":true,"href":"https:\/\/www.europesays.com\/ch-fr\/wp-json\/wp\/v2\/categories?post=292144"},{"taxonomy":"post_tag","embeddable":true,"href":"https:\/\/www.europesays.com\/ch-fr\/wp-json\/wp\/v2\/tags?post=292144"}],"curies":[{"name":"wp","href":"https:\/\/api.w.org\/{rel}","templated":true}]}}