{"id":292148,"date":"2026-09-04T20:17:11","date_gmt":"2026-09-04T20:17:11","guid":{"rendered":"https:\/\/www.europesays.com\/ch-fr\/292148\/"},"modified":"2026-09-04T20:17:11","modified_gmt":"2026-09-04T20:17:11","slug":"glacier-du-rhone-la-grotte-de-glace-contrainte-de-fermer","status":"publish","type":"post","link":"https:\/\/www.europesays.com\/ch-fr\/292148\/","title":{"rendered":"Glacier du Rh\u00f4ne : la grotte de glace contrainte de fermer"},"content":{"rendered":"<p>La grotte du glacier du Rh\u00f4ne doit fermer. Le Conseil d&rsquo;Etat valaisan a rejet\u00e9 le recours de l&rsquo;exploitant contre la d\u00e9cision ordonnant la remise en \u00e9tat du site et la cessation de son exploitation, a appris la RTS. Cette activit\u00e9 \u00e9tait contest\u00e9e depuis plusieurs ann\u00e9es.<\/p>\n<p>Cette galerie, retaill\u00e9e chaque printemps, permet une immersion au c\u0153ur du glacier. Exploit\u00e9e depuis plusieurs g\u00e9n\u00e9rations par une famille haut-valaisanne qui fait payer l&rsquo;acc\u00e8s, elle attire avec succ\u00e8s jusqu&rsquo;\u00e0 100&rsquo;000 visiteurs par an.<\/p>\n<p>Mais il y a trois ans, la Fondation suisse pour la protection et l\u2019am\u00e9nagement du paysage (SL-FP) est mont\u00e9e au cr\u00e9neau. Elle s\u2019inqui\u00e9tait des cons\u00e9quences environnementales des b\u00e2ches en plastique d\u00e9ploy\u00e9es sur la langue glaciaire pour en freiner la fonte, redoutant une pollution aux microplastiques. La Fondation d\u00e9non\u00e7ait \u00e9galement une galerie creus\u00e9e sans aucune autorisation.<\/p>\n<p>Le d\u00e9p\u00f4t, cet \u00e9t\u00e9, d&rsquo;une p\u00e9tition forte de plus de 10&rsquo;000 signatures a en outre permis d&rsquo;appuyer encore ces revendications.<\/p>\n<p>&gt;&gt; Lire aussi\u00a0: <a href=\"https:\/\/www.rts.ch\/info\/regions\/valais\/2026\/article\/glacier-du-rhone-une-petition-demande-la-fin-de-la-grotte-de-glace-29319835.html\" data-item-id=\"richtext_link\" rel=\"nofollow noopener\" target=\"_blank\">Plus de 10&rsquo;000 signatures r\u00e9colt\u00e9es contre la grotte touristique du glacier du Rh\u00f4ne<\/a><\/p>\n<p>Cette d\u00e9nonciation avait fait r\u00e9agir les autorit\u00e9s valaisannes. La commission cantonale des constructions avait demand\u00e9 le retrait des b\u00e2ches en plastique et exig\u00e9 que les travaux de percement de la galerie soient imm\u00e9diatement arr\u00eat\u00e9s. En ao\u00fbt 2025, elle avait \u00e9galement prononc\u00e9 une d\u00e9cision de remise en \u00e9tat du site.<\/p>\n<p> &gt;&gt; Les pr\u00e9cisions dans l&rsquo;\u00e9mission Forum\u00a0:    La grotte du glacier du Rh\u00f4ne devra fermer d\u00e9finitivement \/ Forum \/ 2 min. \/ aujourd&rsquo;hui \u00e0 18:03 B\u00e2ches en plastique retir\u00e9es<\/p>\n<p>Si les b\u00e2ches en plastique ont effectivement \u00e9t\u00e9 retir\u00e9es \u2013 le service de l&rsquo;environnement l&rsquo;a v\u00e9rifi\u00e9 le mois dernier lors d&rsquo;une inspection \u2013, rien n&rsquo;a \u00e9t\u00e9 fait concernant la remise en \u00e9tat du site. L&rsquo;exploitant avait en effet d\u00e9pos\u00e9 un recours. Selon la RTS, ce recours vient d&rsquo;\u00eatre rejet\u00e9 par le Conseil d&rsquo;\u00c9tat. Le gouvernement estime que la galerie et les b\u00e2ches install\u00e9es sur le glacier auraient d\u00fb faire l&rsquo;objet d&rsquo;autorisations pr\u00e9alables.<\/p>\n<p>Il consid\u00e8re \u00e9galement qu&rsquo;une telle autorisation ne pouvait \u00eatre d\u00e9livr\u00e9e dans cette zone de protection des plaines alluviales d\u2019importance nationale.<\/p>\n<p>L\u2019exploitant dispose d\u00e9sormais de 30 jours pour faire recours au Tribunal cantonal.<\/p>\n<p>La grotte ne peut donc plus \u00eatre mat\u00e9riellement exploit\u00e9e. Dans sa d\u00e9cision, le Conseil d\u2019Etat a en effet lev\u00e9 l\u2019effet suspensif en cas de recours aupr\u00e8s du Tribunal cantonal.<\/p>\n<p>Contact\u00e9, l\u2019exploitant se refuse \u00e0 tout commentaire. Mais il est combatif. Au mois d&rsquo;ao\u00fbt de cette ann\u00e9e, la commission cantonale des constructions lui a \u00e9galement signifi\u00e9 l&rsquo;interdiction d&rsquo;utiliser le chemin p\u00e9destre permettant d&rsquo;acc\u00e9der \u00e0 la grotte en raison d&rsquo;un risque de chute de pierres. Interdiction contre laquelle il a d\u00e9j\u00e0 interjet\u00e9 un recours au Tribunal cantonal.<\/p>\n<p class=\"sources\">C\u00e9dric Jordan et Mathias D\u00e9l\u00e9troz\/fgn<\/p>\n","protected":false},"excerpt":{"rendered":"La grotte du glacier du Rh\u00f4ne doit fermer. Le Conseil d&rsquo;Etat valaisan a rejet\u00e9 le recours de l&rsquo;exploitant&hellip;\n","protected":false},"author":2,"featured_media":292149,"comment_status":"","ping_status":"","sticky":false,"template":"","format":"standard","meta":{"footnotes":"","_share_on_mastodon":"0"},"categories":[3],"tags":[1320,12388,1324,344,355,3723,1873,12885,1642,715,3721,23,25311,274],"class_list":["post-292148","post","type-post","status-publish","format-standard","has-post-thumbnail","category-suisse","tag-changement-climatique","tag-conseil-detat-valaisan","tag-durabilite","tag-economie-et-finances","tag-environnement","tag-glacier","tag-grotte","tag-matiere-plastique","tag-protection","tag-radio-television-suisse","tag-rechauffement-climatique","tag-suisse","tag-tribunal-cantonal","tag-valais"],"share_on_mastodon":{"url":"https:\/\/pubeurope.com\/@ch_fr\/117214619045292293","error":""},"_links":{"self":[{"href":"https:\/\/www.europesays.com\/ch-fr\/wp-json\/wp\/v2\/posts\/292148","targetHints":{"allow":["GET"]}}],"collection":[{"href":"https:\/\/www.europesays.com\/ch-fr\/wp-json\/wp\/v2\/posts"}],"about":[{"href":"https:\/\/www.europesays.com\/ch-fr\/wp-json\/wp\/v2\/types\/post"}],"author":[{"embeddable":true,"href":"https:\/\/www.europesays.com\/ch-fr\/wp-json\/wp\/v2\/users\/2"}],"replies":[{"embeddable":true,"href":"https:\/\/www.europesays.com\/ch-fr\/wp-json\/wp\/v2\/comments?post=292148"}],"version-history":[{"count":0,"href":"https:\/\/www.europesays.com\/ch-fr\/wp-json\/wp\/v2\/posts\/292148\/revisions"}],"wp:featuredmedia":[{"embeddable":true,"href":"https:\/\/www.europesays.com\/ch-fr\/wp-json\/wp\/v2\/media\/292149"}],"wp:attachment":[{"href":"https:\/\/www.europesays.com\/ch-fr\/wp-json\/wp\/v2\/media?parent=292148"}],"wp:term":[{"taxonomy":"category","embeddable":true,"href":"https:\/\/www.europesays.com\/ch-fr\/wp-json\/wp\/v2\/categories?post=292148"},{"taxonomy":"post_tag","embeddable":true,"href":"https:\/\/www.europesays.com\/ch-fr\/wp-json\/wp\/v2\/tags?post=292148"}],"curies":[{"name":"wp","href":"https:\/\/api.w.org\/{rel}","templated":true}]}}