{"id":292154,"date":"2026-09-04T20:25:26","date_gmt":"2026-09-04T20:25:26","guid":{"rendered":"https:\/\/www.europesays.com\/ch-fr\/292154\/"},"modified":"2026-09-04T20:25:26","modified_gmt":"2026-09-04T20:25:26","slug":"expo-francois-vuillemet-amoureux-du-beau-cliche-a-saint-prix","status":"publish","type":"post","link":"https:\/\/www.europesays.com\/ch-fr\/292154\/","title":{"rendered":"Expo : Fran\u00e7ois Vuillemet, amoureux du beau clich\u00e9 \u00e0 Saint-Prix"},"content":{"rendered":"<p>                    Par<\/p>\n<p>            <a href=\"https:\/\/actu.fr\/auteur\/j-ducouret\" title=\"Consulter tous les articles de Julien Ducouret\" rel=\"nofollow noopener\" target=\"_blank\">Julien Ducouret<\/a><\/p>\n<p>        Publi\u00e9 le<\/p>\n<p>            4 sept. 2026 \u00e0 8h26        <\/p>\n<p>Un amoureux de la photo et du petit patrimoine, Fran\u00e7ois Vuillemet, pr\u00e9sente \u00ab\u00a0Saint-Prix, entre lavoir et vigne \u2013 Regards sur le petit patrimoine\u00a0\u00bb.<\/p>\n<p class=\" wall-content\">Passionn\u00e9 d\u2019histoire, Fran\u00e7ois Vuillemet sillonne le d\u00e9partement \u00e0 la recherche du patrimoine historique et culturel. \u00c0 travers ses photographies, il propose de d\u00e9couvrir ou red\u00e9couvrir le petit patrimoine de Saint-Prix, entre lavoirs, fontaines, vignes et autres lieux qui racontent l\u2019histoire de la commune.<\/p>\n<p>Mati\u00e8re et lumi\u00e8re<\/p>\n<p class=\" wall-content\">Les visiteurs pourront admirer une s\u00e9lection de photographies r\u00e9v\u00e9lant les d\u00e9tails architecturaux, les jeux de lumi\u00e8re et les paysages qui font tout le charme de ce patrimoine, parfois discret mais toujours riche de sens. L\u2019exposition sera \u00e9galement l\u2019occasion de partager ce regard avec l\u2019artiste C\u00e9cile Bui, invit\u00e9e \u00e0 pr\u00e9senter son travail.<\/p>\n<p class=\" wall-content\">C\u00e9cile Bui expose une de ses \u0153uvres,\u00a0le Lavoir de Montlignon\u00a0en regard de la photographie de Fran\u00e7ois. Sa peinture, aux surfaces calmes et vibrantes, laisse appara\u00eetre des fragments de souvenirs, des gestes retenus et des lumi\u00e8res en suspens. Ainsi est mis \u00e0 l\u2019honneur la cr\u00e9ation artistique locale et le dialogue entre peinture et photographie.<\/p>\n<p class=\" wall-content\">Une exposition rafra\u00eechissante \u00e0 travers des tr\u00e9sors cach\u00e9s \u00e0 d\u00e9couvrir.<\/p>\n<p class=\" wall-content\">Daniel BADUEL<\/p>\n<p>Du samedi 5 au dimanche 13 septembre. Mardi, mercredi, jeudi, de 16h \u00e0 18h. Vendredi, samedi, dimanche de\u00a0\u00a015h \u00e0 19h. Espace de la Fontaine-aux-P\u00e8lerins, place de la Fontaine-aux-P\u00e8lerins, rue Auguste-Rey. T\u00e9l. : 01 34 16 85 75 et\u00a0<a href=\"https:\/\/actu.fr\/cdn-cgi\/l\/email-protection\" class=\"__cf_email__\" data-cfemail=\"f390869f87868196b380929a9d8783819a8bdd9581\" rel=\"nofollow noopener\" target=\"_blank\">[email\u00a0protected]<\/a>\u00a0Entr\u00e9e libre. Tous publics. Conf\u00e9rence sur les lavoirs le dimanche 13 septembre, \u00e0 15h.\u00a0<\/p>\n<p class=\" wall-content\">Personnalisez votre actualit\u00e9 en ajoutant vos villes et m\u00e9dias en favori avec <a href=\"https:\/\/moncompte.actu.fr\" title=\"D\u00e9couvez Mon Actu\" rel=\"nofollow noopener\" data-trk=\"{&quot;cta&quot;:{&quot;action&quot;:&quot;https:\\\/\\\/moncompte.actu.fr&quot;,&quot;category&quot;:&quot;mon compte&quot;,&quot;from&quot;:&quot;article footer&quot;,&quot;name&quot;:&quot;Mon actu&quot;,&quot;type&quot;:&quot;cta&quot;}}\" target=\"_blank\">Mon Actu<\/a>.<\/p>\n","protected":false},"excerpt":{"rendered":"Par Julien Ducouret Publi\u00e9 le 4 sept. 2026 \u00e0 8h26 Un amoureux de la photo et du petit&hellip;\n","protected":false},"author":2,"featured_media":292155,"comment_status":"","ping_status":"","sticky":false,"template":"","format":"standard","meta":{"footnotes":"","_share_on_mastodon":"0"},"categories":[14],"tags":[155,156,113,112,1377,23],"class_list":["post-292154","post","type-post","status-publish","format-standard","has-post-thumbnail","category-arts-et-design","tag-arts-and-design","tag-arts-et-design","tag-divertissement","tag-entertainment","tag-loisirs-culture","tag-suisse"],"share_on_mastodon":{"url":"https:\/\/pubeurope.com\/@ch_fr\/117214650567457513","error":""},"_links":{"self":[{"href":"https:\/\/www.europesays.com\/ch-fr\/wp-json\/wp\/v2\/posts\/292154","targetHints":{"allow":["GET"]}}],"collection":[{"href":"https:\/\/www.europesays.com\/ch-fr\/wp-json\/wp\/v2\/posts"}],"about":[{"href":"https:\/\/www.europesays.com\/ch-fr\/wp-json\/wp\/v2\/types\/post"}],"author":[{"embeddable":true,"href":"https:\/\/www.europesays.com\/ch-fr\/wp-json\/wp\/v2\/users\/2"}],"replies":[{"embeddable":true,"href":"https:\/\/www.europesays.com\/ch-fr\/wp-json\/wp\/v2\/comments?post=292154"}],"version-history":[{"count":0,"href":"https:\/\/www.europesays.com\/ch-fr\/wp-json\/wp\/v2\/posts\/292154\/revisions"}],"wp:featuredmedia":[{"embeddable":true,"href":"https:\/\/www.europesays.com\/ch-fr\/wp-json\/wp\/v2\/media\/292155"}],"wp:attachment":[{"href":"https:\/\/www.europesays.com\/ch-fr\/wp-json\/wp\/v2\/media?parent=292154"}],"wp:term":[{"taxonomy":"category","embeddable":true,"href":"https:\/\/www.europesays.com\/ch-fr\/wp-json\/wp\/v2\/categories?post=292154"},{"taxonomy":"post_tag","embeddable":true,"href":"https:\/\/www.europesays.com\/ch-fr\/wp-json\/wp\/v2\/tags?post=292154"}],"curies":[{"name":"wp","href":"https:\/\/api.w.org\/{rel}","templated":true}]}}