{"id":292170,"date":"2026-09-04T20:35:10","date_gmt":"2026-09-04T20:35:10","guid":{"rendered":"https:\/\/www.europesays.com\/ch-fr\/292170\/"},"modified":"2026-09-04T20:35:10","modified_gmt":"2026-09-04T20:35:10","slug":"deja-un-candidat-pour-la-succession-de-laurent-favre-au-gouvernement-neuchatelois-arcinfo","status":"publish","type":"post","link":"https:\/\/www.europesays.com\/ch-fr\/292170\/","title":{"rendered":"D\u00e9j\u00e0 un candidat pour la succession de Laurent Favre au gouvernement neuch\u00e2telois &#8211; ArcInfo"},"content":{"rendered":"<p><a href=\"https:\/\/news.google.com\/rss\/articles\/CBMiyAFBVV95cUxQYjBWZ2Zsd1VTbWxrNmQtazNwLThudnZFekhCVWp6a29JTVVDakJOdGI5NHllYTRldXU3N2tIdWt1RnI3Q1FWTHBYZngxRTNMUWxMOGp0UWlYRDBQWHZ0c2ZmbEV3bHpqX0xWaUFXS2t4M3gyUTdDNjliN0xvSXY1dlZ0MEpqcHBaWjZBQlYtT3NkYk1DajJoek55NlltOVZTS2k3RnQxTnJsTFkyaE4tRkgyLXAtTWFTUVYwdnNNVVYzYzVrOE91RQ?oc=5\" target=\"_blank\" rel=\"nofollow noopener\">D\u00e9j\u00e0 un candidat pour la succession de Laurent Favre au gouvernement neuch\u00e2telois<\/a>&nbsp;&nbsp;ArcInfo<a href=\"https:\/\/news.google.com\/rss\/articles\/CBMiVkFVX3lxTE5QalNVLUN4QTR3UFRQa3VwbXk1T1F3RmRGOHJzUEZhcnVNanBQazdTVldkNW9JUjctVGpka1lZZllhcDZuMnY3Uzhpa2FrVUQ5akw0TGl3?oc=5\" target=\"_blank\" rel=\"nofollow noopener\">Laurent Favre devient membre du Conseil d\u2019administration de la SSR<\/a>&nbsp;&nbsp;admin.ch<a href=\"https:\/\/news.google.com\/rss\/articles\/CBMivgFBVV95cUxQNjB3bnR1VUNTMTFINTNQbnFyTWVOMkRRdW1vVzhLa3VPVWQ1b0RfWDA4WnhscnlFNHN3VWJBLXhvTW9pVkREWHF5RnY0Q0QyVGlVaEFNalBNWlJpdGE2YUE5Yk8xaHY4V2FuYnlSclpaemk2WC1hdm9PTVhIZ3YtUGduOG11M2plU1ZyQm9TNlhLQ3RhbHQtZnFnSjVNN1ZSMjRaMnVJNTgyZmZ3azFrVy14V1BjTWRDNVVvZHln?oc=5\" target=\"_blank\" rel=\"nofollow noopener\">Le Vote blanc entre dans la course \u00e0 la succession de Laurent Favre<\/a>&nbsp;&nbsp;RTN.ch<a href=\"https:\/\/news.google.com\/rss\/articles\/CBMimgFBVV95cUxNaEI0ZDFuZzc2eXlWTXI3eVRGQWNvcWg3d242LTd3ckROdlFJRFp5WjRGMldFXzk4TEhmQUZ0eThNUFNnUUhsaXRqUkhUdWpKRktCSmhUVFZOWVM1dGFQbzltVk5ReTBTTWFOVUlaV1ZMendHZVFFYVVfdk9NNXUxLVlIdTlrWXc0b0dkWlJLVGg4WWlmUWpFRGJn?oc=5\" target=\"_blank\" rel=\"nofollow noopener\">Neuch\u00e2tel: la d\u00e9mission de Laurent Favre \u00e9claircit le jeu du PLRN<\/a>&nbsp;&nbsp;ajour<a href=\"https:\/\/news.google.com\/rss\/articles\/CBMipwFBVV95cUxPR3JHN2R1RDlfd1hSSXp5U3NFLW9oREM4LTgxVHJPMHlQbUY3OFZzYnBTT212TWFnWjJaZGh3ZFdoM09hbkFITENLMjBoUndNQkZzcmRpWVl3Q2QyYWpnR01pRDJIT3luaDlsOU1oRHYyVFl3UGhWVWE2clRHYzZyam1RTk5Tck9yZ09XMVpNbWw3SzZEYkpMdnhKNmJnRlgweFRTTHh0aw?oc=5\" target=\"_blank\" rel=\"nofollow noopener\">Laurent Favre annonce sa d\u00e9mission du Conseil d\u2019\u00c9tat neuch\u00e2telois<\/a>&nbsp;&nbsp;ne.ch<\/p>\n","protected":false},"excerpt":{"rendered":"D\u00e9j\u00e0 un candidat pour la succession de Laurent Favre au gouvernement neuch\u00e2telois&nbsp;&nbsp;ArcInfoLaurent Favre devient membre du Conseil d\u2019administration&hellip;\n","protected":false},"author":2,"featured_media":292171,"comment_status":"","ping_status":"","sticky":false,"template":"","format":"standard","meta":{"footnotes":"","_share_on_mastodon":"0"},"categories":[3],"tags":[199,730,92,23,672],"class_list":["post-292170","post","type-post","status-publish","format-standard","has-post-thumbnail","category-suisse","tag-ce-quil-sest-passe","tag-neuchatel-canton","tag-politique","tag-suisse","tag-sujet-developpe"],"share_on_mastodon":{"url":"https:\/\/pubeurope.com\/@ch_fr\/117214690231456770","error":""},"_links":{"self":[{"href":"https:\/\/www.europesays.com\/ch-fr\/wp-json\/wp\/v2\/posts\/292170","targetHints":{"allow":["GET"]}}],"collection":[{"href":"https:\/\/www.europesays.com\/ch-fr\/wp-json\/wp\/v2\/posts"}],"about":[{"href":"https:\/\/www.europesays.com\/ch-fr\/wp-json\/wp\/v2\/types\/post"}],"author":[{"embeddable":true,"href":"https:\/\/www.europesays.com\/ch-fr\/wp-json\/wp\/v2\/users\/2"}],"replies":[{"embeddable":true,"href":"https:\/\/www.europesays.com\/ch-fr\/wp-json\/wp\/v2\/comments?post=292170"}],"version-history":[{"count":0,"href":"https:\/\/www.europesays.com\/ch-fr\/wp-json\/wp\/v2\/posts\/292170\/revisions"}],"wp:featuredmedia":[{"embeddable":true,"href":"https:\/\/www.europesays.com\/ch-fr\/wp-json\/wp\/v2\/media\/292171"}],"wp:attachment":[{"href":"https:\/\/www.europesays.com\/ch-fr\/wp-json\/wp\/v2\/media?parent=292170"}],"wp:term":[{"taxonomy":"category","embeddable":true,"href":"https:\/\/www.europesays.com\/ch-fr\/wp-json\/wp\/v2\/categories?post=292170"},{"taxonomy":"post_tag","embeddable":true,"href":"https:\/\/www.europesays.com\/ch-fr\/wp-json\/wp\/v2\/tags?post=292170"}],"curies":[{"name":"wp","href":"https:\/\/api.w.org\/{rel}","templated":true}]}}