{"id":292172,"date":"2026-09-04T20:36:10","date_gmt":"2026-09-04T20:36:10","guid":{"rendered":"https:\/\/www.europesays.com\/ch-fr\/292172\/"},"modified":"2026-09-04T20:36:10","modified_gmt":"2026-09-04T20:36:10","slug":"neuchatel-xamax-prend-leau-a-winterthour-rtn-ch","status":"publish","type":"post","link":"https:\/\/www.europesays.com\/ch-fr\/292172\/","title":{"rendered":"Neuch\u00e2tel Xamax prend l\u2019eau \u00e0 Winterthour &#8211; RTN.ch"},"content":{"rendered":"<p><a href=\"https:\/\/news.google.com\/rss\/articles\/CBMimgFBVV95cUxPendjanYtNHl4UlZnc2J3T0xudzkzU0VxSXdXa0o2elJ0LTNKQUh3YjV4bVk3N045MUpBQnNCZzRJX3pOclNtR1BiS2dObkNsMGNFV2tQNmx4WDFrZ0lkcGk1TXM5Qy13MFdLRkdjcXRlQlVXbnZnNWxDU29XLXJwcHJwakJGa2h6ejFCZ093b3dIS1A2aFpGR0dB?oc=5\" target=\"_blank\" rel=\"nofollow noopener\">Neuch\u00e2tel Xamax prend l\u2019eau \u00e0 Winterthour<\/a>&nbsp;&nbsp;RTN.ch<a href=\"https:\/\/news.google.com\/rss\/articles\/CBMidEFVX3lxTFBqZnV0N3RvYWlBWkxBblV5UG9xOE8wbmF5Y2Z2b0JXaGstOGNxQk8zd0xsbDM2RXltRDZkVGZlZTlPN1lNT3BEVjA2aE5fMWFPVUtNcEJQcjdVY2h3bkxraXg1dExVRUptWjdtajZLbDRNeGpp?oc=5\" target=\"_blank\" rel=\"nofollow noopener\">Le calendrier du second tour est d\u00e9voil\u00e9<\/a>&nbsp;&nbsp;Neuch\u00e2tel Xamax<a href=\"https:\/\/news.google.com\/rss\/articles\/CBMimgFBVV95cUxPcXRvQXZMWlowMnR2WlRFeVBlWGtVbzZsaWRrZ3JuZ1BlM1dJa0JCR0FoR045amJHcGdVXzJ6NWNfSVVGQ0o4RGxkMG1nZVM5ODExaHBEYmxxV1BkWXZNQjExZ3VsRkJLVjFtOC1BeVd4S1V2OWw1NGllSDJUM2ZHamlHLTNNZVFYSWNqQWRXMFp6MVo5MV9mSkJR?oc=5\" target=\"_blank\" rel=\"nofollow noopener\">Neuch\u00e2tel Xamax veut stopper l\u2019h\u00e9morragie<\/a>&nbsp;&nbsp;RTN.ch<a href=\"https:\/\/news.google.com\/rss\/articles\/CBMi2gFBVV95cUxOMUxNNm1Gb0VfNlVualM5bzZHWnRnb3hOZENRRGJRd25Ib1hYSlNrdURFaUEtMzQ0RjJFbFFVWjA5UzFaMW1pajV6YWZtYlJLQTRjVk5qSXJOSjNBR19JSE9aeWdtYk5ZMW5KV0ZQdl9qRDlHUlQ2WlM1NWhELTlTWUtJdnE2UE90Nm9kWXdIbVJlRzFqNHYyM3hGbVVxd3Iwb3VHREtqQmc2dmJWNlQ2SFE2bHprS0ZFVmthb3VSV3RIbFFGLVZXUm1Sd3N1N0UyaUNGeDFjbWRkZw?oc=5\" target=\"_blank\" rel=\"nofollow noopener\">Challenge League: apr\u00e8s 45 minutes, Neuch\u00e2tel Xamax prend l&rsquo;eau face \u00e0 Winterthour<\/a>&nbsp;&nbsp;ArcInfo<a href=\"https:\/\/news.google.com\/rss\/articles\/CBMiZ0FVX3lxTE1yQmE4LW9sODVwNDl2VmNLQS1GbEUxWXRNV3E1NUZBbG56eWFiUUxZLWlPYjZfYmFyeldlOFBjUjY2YWNrNk9GQXFKSjJSc3NzRjNrMmF3TmpTcHJLekl2RE1ZTG1pMDg?oc=5\" target=\"_blank\" rel=\"nofollow noopener\">D\u00e9placement \u00e0 la Sch\u00fctzenwiese<\/a>&nbsp;&nbsp;Neuch\u00e2tel Xamax<\/p>\n","protected":false},"excerpt":{"rendered":"Neuch\u00e2tel Xamax prend l\u2019eau \u00e0 Winterthour&nbsp;&nbsp;RTN.chLe calendrier du second tour est d\u00e9voil\u00e9&nbsp;&nbsp;Neuch\u00e2tel XamaxNeuch\u00e2tel Xamax veut stopper l\u2019h\u00e9morragie&nbsp;&nbsp;RTN.chChallenge League:&hellip;\n","protected":false},"author":2,"featured_media":292173,"comment_status":"","ping_status":"","sticky":false,"template":"","format":"standard","meta":{"footnotes":"","_share_on_mastodon":"0"},"categories":[4],"tags":[22,121,124,128,119,122,123,118,136,132,131,133,130,21,135,120,126,117,125,114,115,116,23,129,127,134],"class_list":["post-292172","post","type-post","status-publish","format-standard","has-post-thumbnail","category-actualites","tag-actualites","tag-ajoie","tag-animation","tag-bienne","tag-delemont","tag-franches-montagnes","tag-frequence","tag-jura","tag-jura-bernois","tag-la-chaux-de-fonds","tag-moutier","tag-neuchatel","tag-neuveville","tag-news","tag-payerne","tag-porrentruy","tag-publicite","tag-radio","tag-redaction","tag-rfj","tag-rjb","tag-rtn","tag-suisse","tag-tavannes","tag-vallon-de-st-imier","tag-yverdon"],"share_on_mastodon":{"url":"https:\/\/pubeurope.com\/@ch_fr\/117214693596598293","error":""},"_links":{"self":[{"href":"https:\/\/www.europesays.com\/ch-fr\/wp-json\/wp\/v2\/posts\/292172","targetHints":{"allow":["GET"]}}],"collection":[{"href":"https:\/\/www.europesays.com\/ch-fr\/wp-json\/wp\/v2\/posts"}],"about":[{"href":"https:\/\/www.europesays.com\/ch-fr\/wp-json\/wp\/v2\/types\/post"}],"author":[{"embeddable":true,"href":"https:\/\/www.europesays.com\/ch-fr\/wp-json\/wp\/v2\/users\/2"}],"replies":[{"embeddable":true,"href":"https:\/\/www.europesays.com\/ch-fr\/wp-json\/wp\/v2\/comments?post=292172"}],"version-history":[{"count":0,"href":"https:\/\/www.europesays.com\/ch-fr\/wp-json\/wp\/v2\/posts\/292172\/revisions"}],"wp:featuredmedia":[{"embeddable":true,"href":"https:\/\/www.europesays.com\/ch-fr\/wp-json\/wp\/v2\/media\/292173"}],"wp:attachment":[{"href":"https:\/\/www.europesays.com\/ch-fr\/wp-json\/wp\/v2\/media?parent=292172"}],"wp:term":[{"taxonomy":"category","embeddable":true,"href":"https:\/\/www.europesays.com\/ch-fr\/wp-json\/wp\/v2\/categories?post=292172"},{"taxonomy":"post_tag","embeddable":true,"href":"https:\/\/www.europesays.com\/ch-fr\/wp-json\/wp\/v2\/tags?post=292172"}],"curies":[{"name":"wp","href":"https:\/\/api.w.org\/{rel}","templated":true}]}}