{"id":292178,"date":"2026-09-04T20:43:11","date_gmt":"2026-09-04T20:43:11","guid":{"rendered":"https:\/\/www.europesays.com\/ch-fr\/292178\/"},"modified":"2026-09-04T20:43:11","modified_gmt":"2026-09-04T20:43:11","slug":"a-la-garnache-latelier-de-sculpture-fete-ses-30-ans-avec-une-exposition-inedite-samedi-5-septembre","status":"publish","type":"post","link":"https:\/\/www.europesays.com\/ch-fr\/292178\/","title":{"rendered":"\u00c0 La Garnache, L\u2019Atelier de sculpture f\u00eate ses 30\u00a0ans, avec une exposition in\u00e9dite samedi 5\u00a0septembre"},"content":{"rendered":"<p>\n                Article premium,<br \/>\n                    R\u00e9serv\u00e9 aux\u00a0abonn\u00e9s\n            <\/p>\n<p class=\"su-standfirst chapeau\">L\u2019Atelier de sculpture de La Garnache (Vend\u00e9e) va accueillir le public, samedi 5\u00a0septembre, pour f\u00eater son 30e anniversaire, avec une grande exposition \u00e0 l\u2019ext\u00e9rieur sous barnum et pour rendre hommage au sculpteur Henry Murail qui en a \u00e9t\u00e9 le premier professeur. Le groupe garnachois Aloubi animera l\u2019apr\u00e8s-midi<\/p>\n<p>                                        <img decoding=\"async\" class=\"su-media\" src=\"https:\/\/www.europesays.com\/ch-fr\/wp-content\/uploads\/2026\/09\/MjAyNjA5YjNjNmViMzA2YTRiZTIwNDhhMmFiNGIyOGU0YjUxY2Y.webp\" alt=\"Michel Amiache, tr\u00e9sorier, Yannick Rondeau, secr\u00e9taire et Jacques Blaudeau, pr\u00e9sident de l\u2019Atelier de sculpture, ont pr\u00e9sent\u00e9 le buste de Henry Murail que chacun pourra d\u00e9couvrir le 5\u00a0septembre.\"  \/><\/p>\n<p>                            Michel Amiache, tr\u00e9sorier, Yannick Rondeau, secr\u00e9taire et Jacques Blaudeau, pr\u00e9sident de l\u2019Atelier de sculpture, ont pr\u00e9sent\u00e9 le buste de Henry Murail que chacun pourra d\u00e9couvrir le 5\u00a0septembre. | OUEST-FRANCE<\/p>\n<p>                            fermer<\/p>\n<p><img decoding=\"async\" data-ofmaxheight=\"\" class=\"su-media lazyload\" alt=\"Michel Amiache, tr\u00e9sorier, Yannick Rondeau, secr\u00e9taire et Jacques Blaudeau, pr\u00e9sident de l\u2019Atelier de sculpture, ont pr\u00e9sent\u00e9 le buste de Henry Murail que chacun pourra d\u00e9couvrir le 5\u00a0septembre.\" src=\"data:image\/png;base64,iVBORw0KGgoAAAANSUhEUgAAABAAAAAJCAYAAAA7KqwyAAAAGXRFWHRTb2Z0d2FyZQBBZG9iZSBJbWFnZVJlYWR5ccllPAAAABhJREFUeNpi\/P\/\/PwMlgHHUgFEDgAAgwAD+lBrvy+NcxAAAAABJRU5ErkJggg==\" data-oflazyload=\"{&quot;srcset&quot;:&quot;https:\/\/media.ouest-france.fr\/v1\/pictures\/MjAyNjA5YjNjNmViMzA2YTRiZTIwNDhhMmFiNGIyOGU0YjUxY2Y?width=320&amp;focuspoint=50%2C25&amp;cropresize=1&amp;client_id=bpeditorial&amp;sign=5eca453087fc3040dc095914e0f039557bc5770c8432f9f11a87704fa1e379e1 320w,https:\/\/media.ouest-france.fr\/v1\/pictures\/MjAyNjA5YjNjNmViMzA2YTRiZTIwNDhhMmFiNGIyOGU0YjUxY2Y?width=375&amp;focuspoint=50%2C25&amp;cropresize=1&amp;client_id=bpeditorial&amp;sign=0873e3dd301bd68e384d94e9cb1c3f0c64c6698bd6c806335946b5510a013c98 360w,https:\/\/media.ouest-france.fr\/v1\/pictures\/MjAyNjA5YjNjNmViMzA2YTRiZTIwNDhhMmFiNGIyOGU0YjUxY2Y?width=480&amp;focuspoint=50%2C25&amp;cropresize=1&amp;client_id=bpeditorial&amp;sign=05dccb0e8def51271dd6df212ec07244d0e29d28d0ff962f07b0f1f0bec3b53c 480w,https:\/\/media.ouest-france.fr\/v1\/pictures\/MjAyNjA5YjNjNmViMzA2YTRiZTIwNDhhMmFiNGIyOGU0YjUxY2Y?width=630&amp;focuspoint=50%2C25&amp;cropresize=1&amp;client_id=bpeditorial&amp;sign=26389f9b96109692521d8a60446c8b1d6f2595d171c3711403556ba010889c50 630w,https:\/\/media.ouest-france.fr\/v1\/pictures\/MjAyNjA5YjNjNmViMzA2YTRiZTIwNDhhMmFiNGIyOGU0YjUxY2Y?width=940&amp;focuspoint=50%2C25&amp;cropresize=1&amp;client_id=bpeditorial&amp;sign=dac54f2672805260f17fe17b62ffbe336845fc3e8d70f1dd3dcbda6fd34b4e5c 940w,https:\/\/media.ouest-france.fr\/v1\/pictures\/MjAyNjA5YjNjNmViMzA2YTRiZTIwNDhhMmFiNGIyOGU0YjUxY2Y?width=1260&amp;focuspoint=50%2C25&amp;cropresize=1&amp;client_id=bpeditorial&amp;sign=d7aab76a0e2bb756c7a28187007f05a2cd419ae9043f5d313dbe9919eb414491 1260w&quot;}\"\/>Michel Amiache, tr\u00e9sorier, Yannick Rondeau, secr\u00e9taire et Jacques Blaudeau, pr\u00e9sident de l\u2019Atelier de sculpture, ont pr\u00e9sent\u00e9 le buste de Henry Murail que chacun pourra d\u00e9couvrir le 5\u00a0septembre. | OUEST-FRANCE                            <\/p>\n<p>Samedi 5\u00a0septembre, l\u2019Atelier de sculpture de La Garnache f\u00eate ses 30\u00a0ans. Un \u00e9v\u00e8nement marqu\u00e9 par une grande exposition ouverte au public et anim\u00e9 par le groupe\u00a0local Aloubi. C\u2019est gr\u00e2ce \u00e0 l\u2019ancien maire, Eug\u00e8ne Achard, que l\u2019Atelier de sculpture a pu voir le jour. C\u2019est sur son initiative qu\u2019en 1994, la mairie a acquis la Maison de Pays. Et c\u2019est lui encore qui a su convaincre le sculpteur Henry Murail d\u2019y organiser un atelier. Il avait r\u00e9uni&#8230;<\/p>\n<p style=\"text-align: center; background-color: #dbbe4d; padding-top: 5px; padding-bottom: 5px; font-size: 14px;\">D\u00e9j\u00e0 abonn\u00e9 ? <a data-trkartmonet=\"Identification\" data-trk-sipa=\"{\" blockcategory=\"\" paywall=\"\" href=\"http:\/\/www.ouest-france.fr\/login?redirect=https:\/\/www.ouest-france.fr\/pays-de-la-loire\/la-garnache-85710\/a-la-garnache-latelier-de-sculpture-fete-ses-30-ans-avec-une-exposition-inedite-samedi-5-septembre-cea5ea2e-a1b0-11f1-ad5a-0ef43bab169e\" rel=\"nofollow noopener\" title=\"Se connecter \u00e0 Ouest-France\" class=\"su-link-light\" target=\"_blank\">Connectez-vous<\/a><\/p>\n<p style=\"text-align: center; padding-top: 15px; padding-bottom: 8px; vertical-align: bottom;\">bloqu\u00e9 Pour lire la suite, abonnez-vous<\/p>\n<p style=\"text-align: center;\">1er mois \u00e0 1\u20ac<\/p>\n<p style=\"text-align: center; margin-top: -5px;\">Annulable \u00e0 tout moment<\/p>\n<p style=\"text-align: center;\">\u00a0<\/p>\n<p style=\"text-align: center;\"><a data-ida=\"\" data-trkartmonet=\"Tunnel OF+\" data-trk-sipa=\"{&#010;\" blockcategory=\"\" paywall=\"\" :=\"\" m=\"\" of=\"\" class=\"su-button su-subscription\" data-trk-bloc=\"paywall\" href=\"https:\/\/abonnement.ouest-france.fr\/tunnel\/pack-essentiel-article\/122096117101?int_medium=lien&amp;int_campaign=PWFR0225-OF&amp;int_content=page-article-payant_boutonjaune-paywall&amp;marquesource=OF&amp;rt=https:\/\/www.ouest-france.fr\/pays-de-la-loire\/la-garnache-85710\/a-la-garnache-latelier-de-sculpture-fete-ses-30-ans-avec-une-exposition-inedite-samedi-5-septembre-cea5ea2e-a1b0-11f1-ad5a-0ef43bab169e\" rel=\"nofollow noopener\" target=\"_blank\">Je m&rsquo;abonne<\/a><\/p>\n<p style=\"text-align: center; padding-top: 10px; padding-bottom: 10px;\"><img decoding=\"async\" src=\"https:\/\/media.ouest-france.fr\/v1\/fonts\/be7723fcee3f1866f1ce99184077fc6f-carte-bancaire.svg?height=36\" alt=\"CB\"\/>\u00a0\u00a0<img decoding=\"async\" src=\"https:\/\/media.ouest-france.fr\/v1\/fonts\/1819d54c599d8afa64539cfba4ac9dde-rib.svg?height=36\" alt=\"RIB\"\/>\u00a0\u00a0<img decoding=\"async\" src=\"https:\/\/media.ouest-france.fr\/v1\/fonts\/065fc80d7b6a03d14a834c224ce723e1-paypal.svg?height=36\" alt=\"PAYPAL\"\/><\/p>\n","protected":false},"excerpt":{"rendered":"Article premium, R\u00e9serv\u00e9 aux\u00a0abonn\u00e9s L\u2019Atelier de sculpture de La Garnache (Vend\u00e9e) va accueillir le public, samedi 5\u00a0septembre, pour&hellip;\n","protected":false},"author":2,"featured_media":292179,"comment_status":"","ping_status":"","sticky":false,"template":"","format":"standard","meta":{"footnotes":"","_share_on_mastodon":"0"},"categories":[14],"tags":[414,155,156,113,112,59241,23],"class_list":["post-292178","post","type-post","status-publish","format-standard","has-post-thumbnail","category-arts-et-design","tag-arts","tag-arts-and-design","tag-arts-et-design","tag-divertissement","tag-entertainment","tag-la-garnache","tag-suisse"],"share_on_mastodon":{"url":"https:\/\/pubeurope.com\/@ch_fr\/117214721569726889","error":""},"_links":{"self":[{"href":"https:\/\/www.europesays.com\/ch-fr\/wp-json\/wp\/v2\/posts\/292178","targetHints":{"allow":["GET"]}}],"collection":[{"href":"https:\/\/www.europesays.com\/ch-fr\/wp-json\/wp\/v2\/posts"}],"about":[{"href":"https:\/\/www.europesays.com\/ch-fr\/wp-json\/wp\/v2\/types\/post"}],"author":[{"embeddable":true,"href":"https:\/\/www.europesays.com\/ch-fr\/wp-json\/wp\/v2\/users\/2"}],"replies":[{"embeddable":true,"href":"https:\/\/www.europesays.com\/ch-fr\/wp-json\/wp\/v2\/comments?post=292178"}],"version-history":[{"count":0,"href":"https:\/\/www.europesays.com\/ch-fr\/wp-json\/wp\/v2\/posts\/292178\/revisions"}],"wp:featuredmedia":[{"embeddable":true,"href":"https:\/\/www.europesays.com\/ch-fr\/wp-json\/wp\/v2\/media\/292179"}],"wp:attachment":[{"href":"https:\/\/www.europesays.com\/ch-fr\/wp-json\/wp\/v2\/media?parent=292178"}],"wp:term":[{"taxonomy":"category","embeddable":true,"href":"https:\/\/www.europesays.com\/ch-fr\/wp-json\/wp\/v2\/categories?post=292178"},{"taxonomy":"post_tag","embeddable":true,"href":"https:\/\/www.europesays.com\/ch-fr\/wp-json\/wp\/v2\/tags?post=292178"}],"curies":[{"name":"wp","href":"https:\/\/api.w.org\/{rel}","templated":true}]}}