{"id":292198,"date":"2026-09-04T20:58:11","date_gmt":"2026-09-04T20:58:11","guid":{"rendered":"https:\/\/www.europesays.com\/ch-fr\/292198\/"},"modified":"2026-09-04T20:58:11","modified_gmt":"2026-09-04T20:58:11","slug":"grand-theatre-de-geneve-le-suspect-des-cameras-licencie","status":"publish","type":"post","link":"https:\/\/www.europesays.com\/ch-fr\/292198\/","title":{"rendered":"Grand Th\u00e9\u00e2tre de Gen\u00e8ve: le suspect des cam\u00e9ras licenci\u00e9"},"content":{"rendered":"<p>L&rsquo;administration genevoise a tranch\u00e9 ce vendredi apr\u00e8s la d\u00e9couverte d&rsquo;un dispositif d\u2019espionnage dans les vestiaires du Grand Th\u00e9\u00e2tre. Le technicien mis en cause a \u00e9t\u00e9 licenci\u00e9.<\/p>\n<p>Publi\u00e9: 17:56 heures<\/p>\n<p>|<\/p>\n<p>Derni\u00e8re mise \u00e0 jour: 18:02 heures<\/p>\n<p><a target=\"_self\" class=\"Blink__StyledNextLink-sc-daa3c157-1 ClickableContainer__StyledBlink-sc-c392684d-0 ihtzjk\" rel=\"follow nofollow noopener\" href=\"https:\/\/www.blick.ch\/fr\/auteurs\/mathilde-jaccard-id17801516.html\"><img alt=\"Blick_Mathilde_Jaccard.JPG\" loading=\"lazy\"\/><\/p>\n<p>Mathilde JaccardJournaliste Blick<\/p>\n<p><\/a><\/p>\n<p>Le suspect au c\u0153ur du scandale des cam\u00e9ras cach\u00e9es du Grand Th\u00e9\u00e2tre a \u00e9t\u00e9 licenci\u00e9 avec effet imm\u00e9diat ce vendredi 4 septembre apr\u00e8s-midi par la Ville de Gen\u00e8ve, r\u00e9v\u00e8le la \u00ab<a target=\"_blank\" class=\"Blink__StyledNextLink-sc-daa3c157-1 HTMLView__StyledBlink-sc-d754821-0 iCecFK\" data-uuid-ui=\"932922454088\" rel=\"nofollow noopener\" href=\"https:\/\/www.tdg.ch\/grand-theatre-le-suspect-des-cameras-dans-les-vestiaires-licencie-932922454088\">Tribune de Gen\u00e8ve<\/a>\u00bb. Cet employ\u00e9 est identifi\u00e9 par la police comme l&rsquo;auteur de l&rsquo;installation de deux cam\u00e9ras dans des vestiaires en 2014 et en 2025.<\/p>\n<p>Une perquisition men\u00e9e le 11 mai dernier \u00e0 son domicile avait permis de saisir des milliers d&rsquo;images de femmes. Contact\u00e9, son avocat, Me Guglielmo Palumbo, n&rsquo;a souhait\u00e9 apporter aucun commentaire.<\/p>\n<p>Le collaborateur fait l&rsquo;objet d&rsquo;une proc\u00e9dure p\u00e9nale pour violation du domaine secret ou du priv\u00e9 par appareil de prise de vues ainsi que pour violation de domicile. A ce jour, au moins 23 femmes ont d\u00e9pos\u00e9 plainte.<\/p>\n","protected":false},"excerpt":{"rendered":"L&rsquo;administration genevoise a tranch\u00e9 ce vendredi apr\u00e8s la d\u00e9couverte d&rsquo;un dispositif d\u2019espionnage dans les vestiaires du Grand Th\u00e9\u00e2tre.&hellip;\n","protected":false},"author":2,"featured_media":292199,"comment_status":"","ping_status":"","sticky":false,"template":"","format":"standard","meta":{"footnotes":"","_share_on_mastodon":"0"},"categories":[17],"tags":[170,169,23],"class_list":["post-292198","post","type-post","status-publish","format-standard","has-post-thumbnail","category-geneve","tag-geneva","tag-geneve","tag-suisse"],"share_on_mastodon":{"url":"https:\/\/pubeurope.com\/@ch_fr\/117214780192820974","error":""},"_links":{"self":[{"href":"https:\/\/www.europesays.com\/ch-fr\/wp-json\/wp\/v2\/posts\/292198","targetHints":{"allow":["GET"]}}],"collection":[{"href":"https:\/\/www.europesays.com\/ch-fr\/wp-json\/wp\/v2\/posts"}],"about":[{"href":"https:\/\/www.europesays.com\/ch-fr\/wp-json\/wp\/v2\/types\/post"}],"author":[{"embeddable":true,"href":"https:\/\/www.europesays.com\/ch-fr\/wp-json\/wp\/v2\/users\/2"}],"replies":[{"embeddable":true,"href":"https:\/\/www.europesays.com\/ch-fr\/wp-json\/wp\/v2\/comments?post=292198"}],"version-history":[{"count":0,"href":"https:\/\/www.europesays.com\/ch-fr\/wp-json\/wp\/v2\/posts\/292198\/revisions"}],"wp:featuredmedia":[{"embeddable":true,"href":"https:\/\/www.europesays.com\/ch-fr\/wp-json\/wp\/v2\/media\/292199"}],"wp:attachment":[{"href":"https:\/\/www.europesays.com\/ch-fr\/wp-json\/wp\/v2\/media?parent=292198"}],"wp:term":[{"taxonomy":"category","embeddable":true,"href":"https:\/\/www.europesays.com\/ch-fr\/wp-json\/wp\/v2\/categories?post=292198"},{"taxonomy":"post_tag","embeddable":true,"href":"https:\/\/www.europesays.com\/ch-fr\/wp-json\/wp\/v2\/tags?post=292198"}],"curies":[{"name":"wp","href":"https:\/\/api.w.org\/{rel}","templated":true}]}}