{"id":292202,"date":"2026-09-04T21:01:10","date_gmt":"2026-09-04T21:01:10","guid":{"rendered":"https:\/\/www.europesays.com\/ch-fr\/292202\/"},"modified":"2026-09-04T21:01:10","modified_gmt":"2026-09-04T21:01:10","slug":"a-brest-le-photographe-stephane-lavoue-mele-theatre-et-marine-nationale","status":"publish","type":"post","link":"https:\/\/www.europesays.com\/ch-fr\/292202\/","title":{"rendered":"\u00c0 Brest, le photographe St\u00e9phane Lavou\u00e9 m\u00eale th\u00e9\u00e2tre et Marine nationale"},"content":{"rendered":"<p data-ofstats-scroll=\"read_depth_40\">En 2015, se rappelant sa d\u00e9couverte de L\u2019\u00c9quipage, portraits sonores, une exposition de St\u00e9phane Lavou\u00e9 et Catherine Le Gall, Eric Ruf, alors nouvel administrateur g\u00e9n\u00e9ral de la Com\u00e9die fran\u00e7aise avait propos\u00e9 au photographe de faire le portrait de ses com\u00e9diens et machinistes. \u00ab\u00a0Je me suis aper\u00e7u du lien entre leur univers et celui des bateaux, explique St\u00e9phane Lavou\u00e9. On sait qu\u2019il y a longtemps, le th\u00e9\u00e2tre employait les marins d\u00e9barqu\u00e9s durant l\u2019hiver. C\u2019est aussi un vocabulaire que ces deux mondes partagent, comme l\u2019usage des bouts et des poulies, des espaces qu\u2019on nomme foyers ou carr\u00e9s, etc. Alors je me suis demand\u00e9 si, \u00e0 l\u2019inverse, certaines autres traditions avaient aussi perdur\u00e9 dans la Marine, et s\u2019il pouvait y avoir du th\u00e9\u00e2tre sur les navires\u2026\u2009\u00bb<\/p>\n<p>        Dans la Marine, des \u00ab joutes verbales pleines d\u2019humour \u00bb<\/p>\n<p data-ofstats-scroll=\"read_depth_60\">Embarqu\u00e9 sur la Fremm\u00a0Bretagne, puis le SNLE\u00a0Le T\u00e9m\u00e9raire et enfin le porte-avions Charles de\u00a0Gaulle, <a href=\"https:\/\/www.stephanelavoue.fr\/\" target=\"_blank\" rel=\"nofollow noopener\">St\u00e9phane Lavou\u00e9 a transform\u00e9 ses interrogations<\/a>. \u00ab\u00a0Un jour, dans une coursive, je croise un marin avec une machine \u00e0 fumer. Il pr\u00e9parait un exercice incendie o\u00f9 chacun allait jouer un r\u00f4le, jusqu\u2019au commandant s\u2019interrogeant sur la n\u00e9cessit\u00e9, ou non, d\u2019accessoires, voire de faux sang.\u2009\u00bb Dans la Marine, il d\u00e9couvre des joutes verbales pleines d\u2019humour qu\u2019on consigne sur un cahier, des uniformes qui font comme des costumes.<\/p>\n<p data-ofstats-scroll=\"read_depth_70\">Lire aussi :\u00a0<a href=\"https:\/\/www.ouest-france.fr\/bretagne\/douarnenez-29100\/portrait-douarnenez-stephane-lavoue-et-l-oeil-du-portraitiste-6631262\" target=\"_blank\" rel=\"nofollow noopener\">PORTRAIT. \u00c0 Douarnenez, St\u00e9phane Lavou\u00e9 et l\u2019\u0153il du portraitiste<\/a><\/p>\n<p data-ofstats-scroll=\"read_depth_90\">Dans un simulateur, un marin man\u0153uvre dans un trompe-l\u2019\u0153il, tandis qu\u2019au th\u00e9\u00e2tre, en fond de sc\u00e8ne, des toiles peintes font paysage. Le photographe propose bient\u00f4t au \u00ab\u00a0Fran\u00e7ais\u2009\u00bb et \u00e0 la Royale de les associer dans une exposition. Pari gagn\u00e9 avec Navire Amiral dont on appr\u00e9ciera au passage la bande-son, une cr\u00e9ation de Fran\u00e7ois Joncour qui l\u2019a compos\u00e9e \u00e0 partir de captations sonores d\u00e9classifi\u00e9es de SNLE, ainsi que la lecture par des com\u00e9diens des familis, ces 40\u00a0mots hebdomadaires et positifs que chaque famille peut exp\u00e9dier \u00e0 son marin sous la mer, distribu\u00e9s \u00e0 bord\u2026 par un marin costum\u00e9 en facteur.<\/p>\n<p data-ofstats-scroll=\"read_depth_100\"><a href=\"https:\/\/www.ateliersdescapucins.fr\/fr\/programmation\/exposition-navire-amiral\" target=\"_blank\" rel=\"nofollow noopener\">Navire Amiral, une exposition pr\u00e9sent\u00e9e aux Ateliers des Capucins<\/a>, \u00e0 Brest, jusqu\u2019au 20 septembre 2026.<\/p>\n","protected":false},"excerpt":{"rendered":"En 2015, se rappelant sa d\u00e9couverte de L\u2019\u00c9quipage, portraits sonores, une exposition de St\u00e9phane Lavou\u00e9 et Catherine Le&hellip;\n","protected":false},"author":2,"featured_media":292203,"comment_status":"","ping_status":"","sticky":false,"template":"","format":"standard","meta":{"footnotes":"","_share_on_mastodon":"0"},"categories":[14],"tags":[155,156,6028,113,112,811,52091,3314,51962,23,173],"class_list":["post-292202","post","type-post","status-publish","format-standard","has-post-thumbnail","category-arts-et-design","tag-arts-and-design","tag-arts-et-design","tag-brest","tag-divertissement","tag-entertainment","tag-expositions","tag-le-chasse-maree","tag-marine-nationale","tag-securite-en-mer","tag-suisse","tag-theatre"],"share_on_mastodon":{"url":"https:\/\/pubeurope.com\/@ch_fr\/117214791873457741","error":""},"_links":{"self":[{"href":"https:\/\/www.europesays.com\/ch-fr\/wp-json\/wp\/v2\/posts\/292202","targetHints":{"allow":["GET"]}}],"collection":[{"href":"https:\/\/www.europesays.com\/ch-fr\/wp-json\/wp\/v2\/posts"}],"about":[{"href":"https:\/\/www.europesays.com\/ch-fr\/wp-json\/wp\/v2\/types\/post"}],"author":[{"embeddable":true,"href":"https:\/\/www.europesays.com\/ch-fr\/wp-json\/wp\/v2\/users\/2"}],"replies":[{"embeddable":true,"href":"https:\/\/www.europesays.com\/ch-fr\/wp-json\/wp\/v2\/comments?post=292202"}],"version-history":[{"count":0,"href":"https:\/\/www.europesays.com\/ch-fr\/wp-json\/wp\/v2\/posts\/292202\/revisions"}],"wp:featuredmedia":[{"embeddable":true,"href":"https:\/\/www.europesays.com\/ch-fr\/wp-json\/wp\/v2\/media\/292203"}],"wp:attachment":[{"href":"https:\/\/www.europesays.com\/ch-fr\/wp-json\/wp\/v2\/media?parent=292202"}],"wp:term":[{"taxonomy":"category","embeddable":true,"href":"https:\/\/www.europesays.com\/ch-fr\/wp-json\/wp\/v2\/categories?post=292202"},{"taxonomy":"post_tag","embeddable":true,"href":"https:\/\/www.europesays.com\/ch-fr\/wp-json\/wp\/v2\/tags?post=292202"}],"curies":[{"name":"wp","href":"https:\/\/api.w.org\/{rel}","templated":true}]}}