{"id":292238,"date":"2026-09-04T21:29:21","date_gmt":"2026-09-04T21:29:21","guid":{"rendered":"https:\/\/www.europesays.com\/ch-fr\/292238\/"},"modified":"2026-09-04T21:29:21","modified_gmt":"2026-09-04T21:29:21","slug":"initiative-sur-la-neutralite-tout-comprendre-aux-enjeux","status":"publish","type":"post","link":"https:\/\/www.europesays.com\/ch-fr\/292238\/","title":{"rendered":"Initiative sur la neutralit\u00e9 : tout comprendre aux enjeux"},"content":{"rendered":"<p>La Suisse vote le 27 septembre sur l&rsquo;initiative \u00ab\u00a0pour la sauvegarde de la neutralit\u00e9 suisse\u00a0\u00bb. Le texte veut inscrire une neutralit\u00e9 plus stricte dans la Constitution. Le Point J analyse les enjeux de ce texte avec Rouven Gueissaz, journaliste parlementaire RTS \u00e0 Berne.<\/p>\n<p>\u00ab\u00a0Le but, c&rsquo;est une sorte de neutralit\u00e9 absolue et ce serait le meilleur moyen d&#8217;emp\u00eacher la guerre en Suisse selon les soutiens du texte\u00a0\u00bb, explique Rouven Gueissaz. Concr\u00e8tement, le texte r\u00e9clame une neutralit\u00e9 plus stricte inscrite dans la Constitution. Il emp\u00eache aussi toute adh\u00e9sion \u00e0 l&rsquo;OTAN, sauf attaque directe contre la Suisse. L&rsquo;initiative veut par ailleurs interdire \u00e0 la Suisse de sanctionner des \u00c9tats en guerre, sauf d\u00e9cision de l&rsquo;ONU.<\/p>\n<p class=\"q-text\">Ce qui est int\u00e9ressant, c&rsquo;est qu&rsquo;on n&rsquo;a pas affaire \u00e0 un clivage gauche-droite traditionnel<\/p>\n<p>  Rouven Gueissaz <\/p>\n<p>L&rsquo;initiative a \u00e9t\u00e9 lanc\u00e9e en 2022 juste quelques mois apr\u00e8s le d\u00e9but de l&rsquo;invasion russe de l&rsquo;Ukraine. Cela avait provoqu\u00e9 la col\u00e8re des milieux souverainistes, notamment de l&rsquo;association Pro Suisse. \u00ab\u00a0Ce qui est int\u00e9ressant, c&rsquo;est qu&rsquo;on n&rsquo;a pas affaire \u00e0 un clivage gauche-droite traditionnel\u00a0\u00bb, souligne Rouven Gueissaz \u00e0 propos de la campagne actuelle autour de l&rsquo;initiative sur la neutralit\u00e9.<\/p>\n<p>L&rsquo;UDC est le seul grand parti qui dit officiellement oui au texte, m\u00eame si certains dans le parti restent sceptiques. Une partie de la gauche radicale soutient \u00e9galement l&rsquo;initiative. En face, on a notamment tous les autres grands partis, du PLR aux Vert\u00b7e\u00b7s, ainsi que le Conseil f\u00e9d\u00e9ral.<\/p>\n<p>Qui d&rsquo;autre m\u00e8ne campagne autour de cette initiative? Qu&rsquo;est-ce qui changerait dans le quotidien des gens, si le texte \u00e9tait accept\u00e9?<\/p>\n<p> &gt;&gt; Ecouter l&rsquo;\u00e9pisode en entier:\u00a0\u00a0:    C\u2019est quoi cette initiative sur la neutralit\u00e9 ? \/ Le Point J \/ 13 min. \/ hier \u00e0 17:00 <\/p>\n<p class=\"sources\">Camille Degott et l&rsquo;\u00e9quipe du Point J.<\/p>\n","protected":false},"excerpt":{"rendered":"La Suisse vote le 27 septembre sur l&rsquo;initiative \u00ab\u00a0pour la sauvegarde de la neutralit\u00e9 suisse\u00a0\u00bb. Le texte veut&hellip;\n","protected":false},"author":2,"featured_media":292239,"comment_status":"","ping_status":"","sticky":false,"template":"","format":"standard","meta":{"footnotes":"","_share_on_mastodon":"0"},"categories":[3],"tags":[4294,448,741,743,2105,13311,2418,1095,92,715,23,745],"class_list":["post-292238","post","type-post","status-publish","format-standard","has-post-thumbnail","category-suisse","tag-constitution","tag-elections","tag-gouvernement","tag-initiative","tag-journaliste","tag-neutralite","tag-parlementaire","tag-parti-politique","tag-politique","tag-radio-television-suisse","tag-suisse","tag-vote"],"share_on_mastodon":{"url":"https:\/\/pubeurope.com\/@ch_fr\/117214901976735965","error":""},"_links":{"self":[{"href":"https:\/\/www.europesays.com\/ch-fr\/wp-json\/wp\/v2\/posts\/292238","targetHints":{"allow":["GET"]}}],"collection":[{"href":"https:\/\/www.europesays.com\/ch-fr\/wp-json\/wp\/v2\/posts"}],"about":[{"href":"https:\/\/www.europesays.com\/ch-fr\/wp-json\/wp\/v2\/types\/post"}],"author":[{"embeddable":true,"href":"https:\/\/www.europesays.com\/ch-fr\/wp-json\/wp\/v2\/users\/2"}],"replies":[{"embeddable":true,"href":"https:\/\/www.europesays.com\/ch-fr\/wp-json\/wp\/v2\/comments?post=292238"}],"version-history":[{"count":0,"href":"https:\/\/www.europesays.com\/ch-fr\/wp-json\/wp\/v2\/posts\/292238\/revisions"}],"wp:featuredmedia":[{"embeddable":true,"href":"https:\/\/www.europesays.com\/ch-fr\/wp-json\/wp\/v2\/media\/292239"}],"wp:attachment":[{"href":"https:\/\/www.europesays.com\/ch-fr\/wp-json\/wp\/v2\/media?parent=292238"}],"wp:term":[{"taxonomy":"category","embeddable":true,"href":"https:\/\/www.europesays.com\/ch-fr\/wp-json\/wp\/v2\/categories?post=292238"},{"taxonomy":"post_tag","embeddable":true,"href":"https:\/\/www.europesays.com\/ch-fr\/wp-json\/wp\/v2\/tags?post=292238"}],"curies":[{"name":"wp","href":"https:\/\/api.w.org\/{rel}","templated":true}]}}