{"id":292242,"date":"2026-09-04T21:34:09","date_gmt":"2026-09-04T21:34:09","guid":{"rendered":"https:\/\/www.europesays.com\/ch-fr\/292242\/"},"modified":"2026-09-04T21:34:09","modified_gmt":"2026-09-04T21:34:09","slug":"hockey-geneve-servette-debute-bien-en-champions-league","status":"publish","type":"post","link":"https:\/\/www.europesays.com\/ch-fr\/292242\/","title":{"rendered":"Hockey: Gen\u00e8ve-Servette d\u00e9bute bien en Champions League"},"content":{"rendered":"<p>Les Aigles de Gen\u00e8ve-Servette ont griff\u00e9 les Ours blancs de Berlin ce vendredi en Champions League. Victoire 6-2 gr\u00e2ce aux cadors finlandais du GSHC.<\/p>\n<p>Publi\u00e9: il y a 56 minutes<\/p>\n<p>|<\/p>\n<p>Derni\u00e8re mise \u00e0 jour: il y a 55 minutes<\/p>\n<p><a target=\"_self\" class=\"Blink__StyledNextLink-sc-daa3c157-1 ClickableContainer__StyledBlink-sc-c392684d-0 ihtzjk\" rel=\"follow nofollow noopener\" href=\"https:\/\/www.blick.ch\/fr\/auteurs\/ats-agence-telegraphique-suisse-id19739987.html\"><img alt=\"sda-logo.jpeg\" loading=\"lazy\"\/><\/p>\n<p>ATS Agence t\u00e9l\u00e9graphique suisse<\/p>\n<p><\/a><\/p>\n<p>Comme Fribourg-Gott\u00e9ron, Gen\u00e8ve-Servette a bien commenc\u00e9 le tour pr\u00e9liminaire de la Champions Hockey League. Les Aigles se sont impos\u00e9s 6-2 \u00e0 domicile vendredi contre les Eisb\u00e4ren Berlin.<\/p>\n<p>A Gen\u00e8ve, c&rsquo;est toujours la l\u00e9gion finlandaise qui dicte sa loi. Vili Saarij\u00e4rvi (3e) et Markus Granlund (5e) n&rsquo;ont pas mis longtemps \u00e0 le rappeler en donnant tr\u00e8s vite deux buts d&rsquo;avance au GSHC, le soir de la grande premi\u00e8re du nouvel entra\u00eeneur Sam Hallam.<\/p>\n<p>Les Ours berlinois ont r\u00e9duit la marque en fin de premier tiers-temps en power-play avant d&rsquo;\u00e9galiser \u00e0 la mi-match. Mais Sakari Manninen &#8211; encore un Finlandais! &#8211; a redonn\u00e9 l&rsquo;avantage \u00e0 Gen\u00e8ve juste avant la deuxi\u00e8me sir\u00e8ne, et mis un coup sur la t\u00eate des visiteurs.<\/p>\n<p>Granlund s&rsquo;est ensuite offert un doubl\u00e9 (49e), puis Jimmy Vesey (54e) et Noah Rod (58e, dans la cage vide) ont sal\u00e9 l&rsquo;addition en fin de match. Le deuxi\u00e8me match des Aigles dans la comp\u00e9tition est pr\u00e9vu dimanche, toujours \u00e0 Gen\u00e8ve, face aux Norv\u00e9giens de Storhamar (14h).<\/p>\n<p>Davos gagne en prolongation<\/p>\n<p>Ils devront se m\u00e9fier des Scandinaves, qui ont caus\u00e9 du fil \u00e0 retordre \u00e0 Davos vendredi. Les finalistes de National League ont d\u00fb attendre la prolongation et un but de Rasmus Asplund (65e) pour s&rsquo;imposer 3-2. Un doubl\u00e9 de Filip Zadina (5e\/7e) en d\u00e9but de match n&rsquo;avait pas suffi \u00e0 mettre \u00e0 genoux les Norv\u00e9giens.<\/p>\n","protected":false},"excerpt":{"rendered":"Les Aigles de Gen\u00e8ve-Servette ont griff\u00e9 les Ours blancs de Berlin ce vendredi en Champions League. Victoire 6-2&hellip;\n","protected":false},"author":2,"featured_media":292243,"comment_status":"","ping_status":"","sticky":false,"template":"","format":"standard","meta":{"footnotes":"","_share_on_mastodon":"0"},"categories":[17],"tags":[170,169,23],"class_list":["post-292242","post","type-post","status-publish","format-standard","has-post-thumbnail","category-geneve","tag-geneva","tag-geneve","tag-suisse"],"share_on_mastodon":{"url":"https:\/\/pubeurope.com\/@ch_fr\/117214921713325881","error":""},"_links":{"self":[{"href":"https:\/\/www.europesays.com\/ch-fr\/wp-json\/wp\/v2\/posts\/292242","targetHints":{"allow":["GET"]}}],"collection":[{"href":"https:\/\/www.europesays.com\/ch-fr\/wp-json\/wp\/v2\/posts"}],"about":[{"href":"https:\/\/www.europesays.com\/ch-fr\/wp-json\/wp\/v2\/types\/post"}],"author":[{"embeddable":true,"href":"https:\/\/www.europesays.com\/ch-fr\/wp-json\/wp\/v2\/users\/2"}],"replies":[{"embeddable":true,"href":"https:\/\/www.europesays.com\/ch-fr\/wp-json\/wp\/v2\/comments?post=292242"}],"version-history":[{"count":0,"href":"https:\/\/www.europesays.com\/ch-fr\/wp-json\/wp\/v2\/posts\/292242\/revisions"}],"wp:featuredmedia":[{"embeddable":true,"href":"https:\/\/www.europesays.com\/ch-fr\/wp-json\/wp\/v2\/media\/292243"}],"wp:attachment":[{"href":"https:\/\/www.europesays.com\/ch-fr\/wp-json\/wp\/v2\/media?parent=292242"}],"wp:term":[{"taxonomy":"category","embeddable":true,"href":"https:\/\/www.europesays.com\/ch-fr\/wp-json\/wp\/v2\/categories?post=292242"},{"taxonomy":"post_tag","embeddable":true,"href":"https:\/\/www.europesays.com\/ch-fr\/wp-json\/wp\/v2\/tags?post=292242"}],"curies":[{"name":"wp","href":"https:\/\/api.w.org\/{rel}","templated":true}]}}