{"id":292250,"date":"2026-09-04T21:43:12","date_gmt":"2026-09-04T21:43:12","guid":{"rendered":"https:\/\/www.europesays.com\/ch-fr\/292250\/"},"modified":"2026-09-04T21:43:12","modified_gmt":"2026-09-04T21:43:12","slug":"us-open-carlos-alcaraz-se-qualifie-pour-les-8es-de-finale","status":"publish","type":"post","link":"https:\/\/www.europesays.com\/ch-fr\/292250\/","title":{"rendered":"US Open : Carlos Alcaraz se qualifie pour les 8es de finale"},"content":{"rendered":"<p>Tenant du titre \u00e0 New York, le no3 mondial Carlos Alcaraz a d\u00fb s&#8217;employer contre le Chinois Wu Yibing (ATP 113) \u00e0 l&rsquo;US Open. Mais il s&rsquo;est malgr\u00e9 tout hiss\u00e9 en 8es de finale.<\/p>\n<p>Vainqueur 6-3 6-4 6-1, le septuple laur\u00e9at de tournois majeurs n&rsquo;a que trop rarement fait ressentir sur le court l&rsquo;\u00e9cart de classement avec son adversaire, tr\u00e8s solide de fond de court.<\/p>\n<p>L&rsquo;Espagnol de 23 ans, qui dispute \u00e0 New York son premier tournoi depuis une blessure au poignet droit contract\u00e9e en avril, a laiss\u00e9 \u00e9chapper un break d&rsquo;avance dans chacune des deux premi\u00e8res manches, alternant tout au long du match entre cris de soulagement et rugissements de d\u00e9pit.<\/p>\n<p>Dans le 3e set, l&rsquo;ex-no1 mondial a encore conc\u00e9d\u00e9 2 balles de break d\u00e8s le 1er jeu. Apr\u00e8s avoir sauv\u00e9 sa mise en jeu, le Murcien a pris le service de Wu pour mener 3-1 et filer vers la victoire.<\/p>\n<p>Face \u00e0 Tommy Paul<\/p>\n<p>Auteur de fautes directes inhabituelles chez lui, notamment en coup droit, Alcaraz a malgr\u00e9 tout r\u00e9ussi \u00e0 gagner en 3 sets, contrairement au tour pr\u00e9c\u00e9dent o\u00f9 il avait conc\u00e9d\u00e9 la 1er manche au Portugais Jaime Faria (72).<\/p>\n<p>Apr\u00e8s avoir affront\u00e9 trois adversaires class\u00e9s hors du top-70, le 8e de finale programm\u00e9 dimanche contre l&rsquo;Am\u00e9ricain Tommy Paul (21) aura valeur de test pour la deuxi\u00e8me t\u00eate de s\u00e9rie du tournoi, dans un US Open sans favori \u00e9vident.<\/p>\n<p>Vainqueur du dernier US Open, de l&rsquo;Open d&rsquo;Australie en janvier avant de manquer Roland-Garros et Wimbledon \u00e0 cause de sa blessure, Alcaraz a align\u00e9 vendredi une 17e victoire d&rsquo;affil\u00e9e en Grand Chelem, la meilleure s\u00e9rie de sa carri\u00e8re m\u00eame s&rsquo;il reste loin du record de Novak Djokovic (30 victoires de suite entre Wimbledon 2015 et 2016).<\/p>\n<p>&gt;&gt; A lire aussi\u00a0: <a href=\"https:\/\/www.rts.ch\/sport\/tennis\/2026\/article\/nick-kyrgios-suspendu-un-mois-pour-usage-de-cocaine-29347209.html\" data-item-id=\"richtext_link\" rel=\"nofollow noopener\" target=\"_blank\">Nick Kyrgios, suspendu un mois pour usage de coca\u00efne, peut d\u00e9sormais rejouer<\/a> et <a href=\"https:\/\/www.rts.ch\/sport\/tennis\/2026\/article\/us-open-gael-monfils-tire-sa-reverence-en-grand-chelem-29347162.html\" data-item-id=\"richtext_link\" rel=\"nofollow noopener\" target=\"_blank\">Ga\u00ebl Monfils, battu par Learner Tien \u00e0 l&rsquo;US Open, tire sa r\u00e9v\u00e9rence en Grand Chelem<\/a><\/p>\n<p class=\"sources\">ats\/pza<\/p>\n","protected":false},"excerpt":{"rendered":"Tenant du titre \u00e0 New York, le no3 mondial Carlos Alcaraz a d\u00fb s&#8217;employer contre le Chinois Wu&hellip;\n","protected":false},"author":2,"featured_media":292251,"comment_status":"","ping_status":"","sticky":false,"template":"","format":"standard","meta":{"footnotes":"","_share_on_mastodon":"0"},"categories":[8],"tags":[63617,15507,63618,2895,186,75,23,4344,472,39561,1224,63619],"class_list":["post-292250","post","type-post","status-publish","format-standard","has-post-thumbnail","category-sports","tag-atp-us-open-1-16","tag-carlos-alcaraz","tag-carlos-alcaraz-yibing-wu","tag-new-york","tag-sport","tag-sports","tag-suisse","tag-tennis","tag-tournoi","tag-us-open-de-tennis","tag-victoire","tag-yibing-wu"],"share_on_mastodon":{"url":"https:\/\/pubeurope.com\/@ch_fr\/117214957039809695","error":""},"_links":{"self":[{"href":"https:\/\/www.europesays.com\/ch-fr\/wp-json\/wp\/v2\/posts\/292250","targetHints":{"allow":["GET"]}}],"collection":[{"href":"https:\/\/www.europesays.com\/ch-fr\/wp-json\/wp\/v2\/posts"}],"about":[{"href":"https:\/\/www.europesays.com\/ch-fr\/wp-json\/wp\/v2\/types\/post"}],"author":[{"embeddable":true,"href":"https:\/\/www.europesays.com\/ch-fr\/wp-json\/wp\/v2\/users\/2"}],"replies":[{"embeddable":true,"href":"https:\/\/www.europesays.com\/ch-fr\/wp-json\/wp\/v2\/comments?post=292250"}],"version-history":[{"count":0,"href":"https:\/\/www.europesays.com\/ch-fr\/wp-json\/wp\/v2\/posts\/292250\/revisions"}],"wp:featuredmedia":[{"embeddable":true,"href":"https:\/\/www.europesays.com\/ch-fr\/wp-json\/wp\/v2\/media\/292251"}],"wp:attachment":[{"href":"https:\/\/www.europesays.com\/ch-fr\/wp-json\/wp\/v2\/media?parent=292250"}],"wp:term":[{"taxonomy":"category","embeddable":true,"href":"https:\/\/www.europesays.com\/ch-fr\/wp-json\/wp\/v2\/categories?post=292250"},{"taxonomy":"post_tag","embeddable":true,"href":"https:\/\/www.europesays.com\/ch-fr\/wp-json\/wp\/v2\/tags?post=292250"}],"curies":[{"name":"wp","href":"https:\/\/api.w.org\/{rel}","templated":true}]}}