{"id":292290,"date":"2026-09-04T22:28:21","date_gmt":"2026-09-04T22:28:21","guid":{"rendered":"https:\/\/www.europesays.com\/ch-fr\/292290\/"},"modified":"2026-09-04T22:28:21","modified_gmt":"2026-09-04T22:28:21","slug":"droits-humains-lepu-un-mecanisme-onusien-meconnu","status":"publish","type":"post","link":"https:\/\/www.europesays.com\/ch-fr\/292290\/","title":{"rendered":"Droits humains: l\u2019EPU, un m\u00e9canisme onusien m\u00e9connu"},"content":{"rendered":"<p> Opinion  <\/p>\n<p>        \u2013   <\/p>\n<p> C\u00e9l\u00e9brons les 20\u00a0ans du Conseil des droits de l\u2019homme <\/p>\n<p class=\"lead regular externalicon-big astro-odojtzmo\"> L\u2019Examen p\u00e9riodique universel passe au crible tous les \u00c9tats, sans distinction de puissance. Derri\u00e8re les d\u00e9bats diplomatiques \u00e0 Gen\u00e8ve, des milliers de personnes acc\u00e8dent enfin \u00e0 des droits fondamentaux.  <\/p>\n<p>    Chronique   <\/p>\n<p>  Joao Rebello &#8211; responsable de programme \u00e0 UPR Info   <\/p>\n<p>    Publi\u00e9: 03.09.2026, 06h30                          LinkedIn Lien copi\u00e9 Error occurred        Facebook Lien copi\u00e9 Error occurred        X Lien copi\u00e9 Error occurred           E-mail Lien copi\u00e9 Error occurred        Copier le lien Lien copi\u00e9 Error occurred                <\/p>\n<p class=\"astro-gkn4pfbc articleParagraph externalicon-big focus _content-width article-element astro-bqhs6jcx\">Le Conseil des droits de l\u2019homme (CDH) des Nations Unies a f\u00eat\u00e9 son 20e\u00a0anniversaire en juin dernier dans un contexte de crise. Depuis plusieurs ann\u00e9es, l\u2019institution fait face \u00e0 des difficult\u00e9s financi\u00e8res, mais \u00e9galement \u00e0 des remises en question\u00a0de son fonctionnement et de ses r\u00e9sultats. Certaines sont l\u00e9gitimes, d\u2019autres sont politiquement instrumentalis\u00e9es. Paradoxalement, ses dysfonctionnements sont souvent plus visibles que ses avanc\u00e9es. Derri\u00e8re cette image d\u2019une institution en difficult\u00e9 se trouvent aussi des progr\u00e8s concrets largement m\u00e9connus.<\/p>\n<p>  EPU<\/p>\n<p class=\"astro-gkn4pfbc articleParagraph externalicon-big focus _content-width article-element astro-bqhs6jcx\">Le CDH est lui-m\u00eame n\u00e9 d\u2019une crise de cr\u00e9dibilit\u00e9 et de fonctionnement de la Commission des droits de l\u2019homme, qu\u2019il a remplac\u00e9e. Sa cr\u00e9ation a donn\u00e9 naissance \u00e0 un m\u00e9canisme innovant: l\u2019Examen p\u00e9riodique universel (EPU). Fond\u00e9 sur des valeurs de coop\u00e9ration et d\u2019\u00e9galit\u00e9 de traitement entre les \u00c9tats, ce m\u00e9canisme permet d\u2019aborder la situation des droits humains dans tous les \u00c9tats, ind\u00e9pendamment de leur taille, de leur influence ou de leur puissance. Dans un monde o\u00f9 la force semble parfois primer sur le droit, o\u00f9 le conflit l\u2019emporte sur la coop\u00e9ration et o\u00f9 les rapports de puissance prennent le dessus, l\u2019EPU pourrait presque sembler anachronique. Pourtant, c\u2019est pr\u00e9cis\u00e9ment ce qui fait sa pertinence.<\/p>\n<p class=\"astro-gkn4pfbc articleParagraph externalicon-big focus _content-width article-element astro-bqhs6jcx\">Au-del\u00e0 de ces principes, l\u2019EPU contribue \u00e0 des changements concrets en mati\u00e8re de droits humains. Derri\u00e8re les discussions entre diplomates \u00e0 Gen\u00e8ve, ce sont des r\u00e9alit\u00e9s tr\u00e8s concr\u00e8tes qui sont en jeu. Les droits humains sont avant tout une affaire de vie quotidienne et portent sur des questions aussi fondamentales que l\u2019acc\u00e8s \u00e0 l\u2019\u00e9ducation, \u00e0 la sant\u00e9 ou \u00e0 un travail.<\/p>\n<p class=\"astro-gkn4pfbc articleParagraph externalicon-big focus _content-width article-element astro-bqhs6jcx\">Au Kenya, par exemple, l\u2019apatridie concernait encore quelque 18\u2019500\u00a0personnes en 2019, selon les estimations du Haut-Commissariat des Nations Unies pour les r\u00e9fugi\u00e9s (HCR). Lors de son EPU en 2020, le Kenya a re\u00e7u des recommandations sur cette question, dans un contexte national d\u00e9j\u00e0 favorable. Depuis, plus de 8000\u00a0personnes issues de diff\u00e9rentes communaut\u00e9s ont obtenu la citoyennet\u00e9 k\u00e9nyane.<\/p>\n<p class=\"astro-gkn4pfbc articleParagraph externalicon-big focus _content-width article-element astro-bqhs6jcx\">Pour elles, cela change leur vie: elles peuvent d\u00e9sormais acc\u00e9der \u00e0 l\u2019emploi formel, \u00e0 l\u2019\u00e9ducation et \u00e0 la sant\u00e9, ou encore ouvrir un compte bancaire.<\/p>\n<p class=\"astro-gkn4pfbc articleParagraph externalicon-big focus _content-width article-element astro-bqhs6jcx\">L\u2019EPU se distingue des autres m\u00e9canismes onusiens par la place qu\u2019il accorde \u00e0 la soci\u00e9t\u00e9 civile. Il est inter\u00e9tatique, mais la soci\u00e9t\u00e9 civile peut y contribuer par ses rapports et son plaidoyer, permettant ainsi d\u2019ancrer les d\u00e9bats \u00e0 Gen\u00e8ve dans les r\u00e9alit\u00e9s locales. Alors que le syst\u00e8me onusien est pr\u00e9sent\u00e9 comme \u00e9tant en crise, l\u2019EPU continue de susciter l\u2019engagement des organisations non gouvernementales.<\/p>\n<p class=\"astro-gkn4pfbc articleParagraph externalicon-big focus _content-width article-element astro-bqhs6jcx\">Leur participation croissante t\u00e9moigne de la confiance qu\u2019elles lui accordent et de l\u2019utilit\u00e9 qu\u2019elles lui reconnaissent. Lorsque les d\u00e9tenteurs de droits ne parviennent pas \u00e0 faire entendre leur voix au niveau national, Gen\u00e8ve leur offre une tribune internationale pour porter leurs pr\u00e9occupations et faire progresser leurs droits.<\/p>\n<p class=\"astro-gkn4pfbc articleParagraph externalicon-big focus _content-width article-element astro-bqhs6jcx\">Questionner le CDH est l\u00e9gitime. Il est imparfait et doit \u00e9voluer. Dans un monde o\u00f9 le multilat\u00e9ralisme est sous pression, nous devons aussi c\u00e9l\u00e9brer ce qu\u2019il a permis et ce qu\u2019il rend encore possible. Cela inclut les succ\u00e8s visibles, mais aussi les vies qu\u2019il contribue \u00e0 pr\u00e9server, souvent sans que cela se voie. La question n\u2019est donc pas seulement de savoir ce qui ne fonctionne pas au CDH mais aussi ce qui ne se r\u00e9aliserait pas sans lui.<\/p>\n<p>         <img decoding=\"async\" loading=\"lazy\" src=\"https:\/\/www.europesays.com\/ch-fr\/wp-content\/uploads\/2026\/09\/2YIu9N414krAClFgq2POTj.jpg\" data-image-url=\"https:\/\/www.europesays.com\/ch-fr\/wp-content\/uploads\/2026\/09\/2YIu9N414krAClFgq2POTj.jpg\" alt=\"Homme souriant en veste bleue et cravate marine, portrait professionnel sur fond gris\" title=\"Homme souriant en veste bleue et cravate marine, portrait professionnel sur fond gris\" class=\"ResponsiveImage responsive-image astro-xbt4piv4\" style=\"background-color:#B6A095\" onload=\"this.style.backgroundColor = &quot;transparent&quot;\"\/>    <\/p>\n<p>Jo\u00e3o Rebelo, responsable de programme \u00e0 UPR Info.<\/p>\n<p>dr<\/p>\n<p class=\"boxtitle astro-hwrdf5ss astro-bqhs6jcx\">Sur l\u2019examen p\u00e9riodique universel<\/p>\n<p>      Newsletter    <\/p>\n<p>\u00abLa Tribune des abonn\u00e9s\u00bb<\/p>\n<p> Adress\u00e9e \u00e0 nos plus fid\u00e8les lectrices et lecteurs, cette lettre leur propose une s\u00e9lection de nos meilleurs articles  ainsi que des contenus exclusifs. <\/p>\n<p class=\"astro-2yzsvld2\"> <a class=\"more astro-2yzsvld2\" href=\"https:\/\/www.tdg.ch\/nos-newsletters\" rel=\"nofollow noopener\" target=\"_blank\"> Autres newsletters <\/a> <\/p>\n<p>       Se connecter       <\/p>\n","protected":false},"excerpt":{"rendered":"Opinion \u2013 C\u00e9l\u00e9brons les 20\u00a0ans du Conseil des droits de l\u2019homme L\u2019Examen p\u00e9riodique universel passe au crible tous&hellip;\n","protected":false},"author":2,"featured_media":292291,"comment_status":"","ping_status":"","sticky":false,"template":"","format":"standard","meta":{"footnotes":"","_share_on_mastodon":"0"},"categories":[17],"tags":[11335,170,169,23],"class_list":["post-292290","post","type-post","status-publish","format-standard","has-post-thumbnail","category-geneve","tag-depth","tag-geneva","tag-geneve","tag-suisse"],"share_on_mastodon":{"url":"https:\/\/pubeurope.com\/@ch_fr\/117215134516209551","error":""},"_links":{"self":[{"href":"https:\/\/www.europesays.com\/ch-fr\/wp-json\/wp\/v2\/posts\/292290","targetHints":{"allow":["GET"]}}],"collection":[{"href":"https:\/\/www.europesays.com\/ch-fr\/wp-json\/wp\/v2\/posts"}],"about":[{"href":"https:\/\/www.europesays.com\/ch-fr\/wp-json\/wp\/v2\/types\/post"}],"author":[{"embeddable":true,"href":"https:\/\/www.europesays.com\/ch-fr\/wp-json\/wp\/v2\/users\/2"}],"replies":[{"embeddable":true,"href":"https:\/\/www.europesays.com\/ch-fr\/wp-json\/wp\/v2\/comments?post=292290"}],"version-history":[{"count":0,"href":"https:\/\/www.europesays.com\/ch-fr\/wp-json\/wp\/v2\/posts\/292290\/revisions"}],"wp:featuredmedia":[{"embeddable":true,"href":"https:\/\/www.europesays.com\/ch-fr\/wp-json\/wp\/v2\/media\/292291"}],"wp:attachment":[{"href":"https:\/\/www.europesays.com\/ch-fr\/wp-json\/wp\/v2\/media?parent=292290"}],"wp:term":[{"taxonomy":"category","embeddable":true,"href":"https:\/\/www.europesays.com\/ch-fr\/wp-json\/wp\/v2\/categories?post=292290"},{"taxonomy":"post_tag","embeddable":true,"href":"https:\/\/www.europesays.com\/ch-fr\/wp-json\/wp\/v2\/tags?post=292290"}],"curies":[{"name":"wp","href":"https:\/\/api.w.org\/{rel}","templated":true}]}}