{"id":292298,"date":"2026-09-04T22:39:27","date_gmt":"2026-09-04T22:39:27","guid":{"rendered":"https:\/\/www.europesays.com\/ch-fr\/292298\/"},"modified":"2026-09-04T22:39:27","modified_gmt":"2026-09-04T22:39:27","slug":"telephonie-mobile-la-fidelite-des-clients-ne-paie-pas-en-suisse","status":"publish","type":"post","link":"https:\/\/www.europesays.com\/ch-fr\/292298\/","title":{"rendered":"T\u00e9l\u00e9phonie mobile: la fid\u00e9lit\u00e9 des clients ne paie pas en Suisse!"},"content":{"rendered":"<p><a href=\"https:\/\/i0.wp.com\/www.xavierstuder.com\/wp-content\/uploads\/2026\/09\/XS_RTS_On-en-parle_Prix_abo.jpg?quality=54&amp;ssl=1\" rel=\"nofollow noopener\" target=\"_blank\"><img data-recalc-dims=\"1\" fetchpriority=\"high\" decoding=\"async\" data-attachment-id=\"69621\" data-permalink=\"https:\/\/www.xavierstuder.com\/2026\/09\/telecoms-telephonie-mobile-swisscom-salt-sunrise-offres\/xs_rts_on-en-parle_prix_abo\/\" data-orig-file=\"https:\/\/i0.wp.com\/www.xavierstuder.com\/wp-content\/uploads\/2026\/09\/XS_RTS_On-en-parle_Prix_abo.jpg?fit=1600%2C1050&amp;quality=54&amp;ssl=1\" data-orig-size=\"1600,1050\" data-comments-opened=\"1\" data-image-meta=\"{&quot;aperture&quot;:&quot;0&quot;,&quot;credit&quot;:&quot;&quot;,&quot;camera&quot;:&quot;&quot;,&quot;caption&quot;:&quot;&quot;,&quot;created_timestamp&quot;:&quot;0&quot;,&quot;copyright&quot;:&quot;&quot;,&quot;focal_length&quot;:&quot;0&quot;,&quot;iso&quot;:&quot;0&quot;,&quot;shutter_speed&quot;:&quot;0&quot;,&quot;title&quot;:&quot;&quot;,&quot;orientation&quot;:&quot;0&quot;,&quot;alt&quot;:&quot;&quot;}\" data-image-title=\"Xavier Studer au micro d\u2019On en parle de la RTS.\" data-image-description=\"&lt;p&gt;Xavier Studer au micro d\u2019On en parle de la RTS.&lt;\/p&gt;\" data-image-caption=\"&lt;p&gt;Xavier Studer au micro d\u2019On en parle de la RTS.&lt;\/p&gt;\" data-large-file=\"https:\/\/i0.wp.com\/www.xavierstuder.com\/wp-content\/uploads\/2026\/09\/XS_RTS_On-en-parle_Prix_abo.jpg?fit=1200%2C788&amp;quality=54&amp;ssl=1\" class=\"wp-image-69621 size-large\" src=\"https:\/\/www.europesays.com\/ch-fr\/wp-content\/uploads\/2026\/09\/XS_RTS_On-en-parle_Prix_abo.jpg\" alt=\"Xavier Studer au micro d'On en parle de la RTS.\" width=\"1200\" height=\"788\"  \/><\/a>Xavier Studer au micro d\u2019On en parle de la RTS. Montage ChatGPT.<\/p>\n<p>La fid\u00e9lit\u00e9 envers son op\u00e9rateur constitue un r\u00e9el handicap financier pour les consommateurs, comme je l\u2019expliquais r\u00e9cemment au micro de la RTS. Une analyse d\u2019une fondation al\u00e9manique de consommateurs et d\u2019un comparateur en ligne d\u00e9montre que les anciens clients subissent des hausses r\u00e9guli\u00e8res, tandis que les nouveaux b\u00e9n\u00e9ficient de rabais atteignant souvent la moiti\u00e9 du prix\u2026<\/p>\n<p>Cette tendance haussi\u00e8re g\u00e9n\u00e9ralis\u00e9e, enclench\u00e9e par Swisscom sous pr\u00e9texte d\u2019inflation et de rench\u00e9rissement \u00e9nerg\u00e9tique, appara\u00eet pourtant injustifi\u00e9e au vu des \u00e9conomies d\u2019\u00e9chelle r\u00e9alis\u00e9es sur les infrastructures. Dans le m\u00eame temps, la guerre des prix permet de d\u00e9nicher des offres illimit\u00e9es en Suisse d\u00e8s 9,90 francs par mois, ce qui rend les forfaits traditionnels \u00e0 plus de 50 francs bien trop on\u00e9reux sans prestations suppl\u00e9mentaires notables.<\/p>\n<p><a href=\"https:\/\/www.xavierstuder.com\/wp-content\/uploads\/2026\/09\/Abos-de-t-l-phonie-mobile-la-fid-lit-pas-souvent-r-compens-e.mp3\" rel=\"nofollow noopener\" target=\"_blank\">https:\/\/www.xavierstuder.com\/wp-content\/uploads\/2026\/09\/Abos-de-t-l-phonie-mobile-la-fid-lit-pas-souvent-r-compens-e.mp3<\/a><\/p>\n<p>N\u00e9gocier son contrat, faire jouer la concurrence<\/p>\n<p>Face \u00e0 ces hausses tarifaires, la premi\u00e8re d\u00e9marche consiste \u00e0 contacter son fournisseur d\u2019acc\u00e8s en faisant valoir les tarifs plus comp\u00e9titifs du march\u00e9. Cette tactique permet fr\u00e9quemment d\u2019obtenir un rabais appr\u00e9ciable, m\u00eame si la marge de n\u00e9gociation tend \u00e0 se durcir chez certains acteurs historiques.<\/p>\n<p>Si la discussion n\u2019aboutit pas, changer d\u2019op\u00e9rateur s\u2019av\u00e8re une d\u00e9marche d\u00e9sormais simple et bien rod\u00e9e, qui pr\u00e9serve automatiquement votre num\u00e9ro de t\u00e9l\u00e9phone. Il convient toutefois de v\u00e9rifier scrupuleusement les d\u00e9lais contractuels de r\u00e9siliation et d\u2019anticiper la perte d\u2019\u00e9ventuels services annexes, comme les adresses \u00e9lectroniques li\u00e9es aux offres familiales group\u00e9es.<\/p>\n<p>M\u00eame infrastructure radio\u2026<\/p>\n<p>Sur le plan technique, les op\u00e9rateurs alternatifs sans r\u00e9seau propre empruntent exactement les m\u00eames antennes cellulaires que les trois grands r\u00e9seaux du pays, assurant une couverture globale \u00e9quivalente. Des disparit\u00e9s locales subsistant selon le lieu d\u2019habitation ou de travail, l\u2019achat pr\u00e9alable d\u2019une carte pr\u00e9pay\u00e9e reste le meilleur moyen d\u2019\u00e9valuer la qualit\u00e9 r\u00e9elle de r\u00e9ception.<\/p>\n<p>La v\u00e9ritable diff\u00e9rence tarifaire de ces formules \u00e0 tr\u00e8s bas co\u00fbt se r\u00e9percute surtout sur l\u2019assistance et le service apr\u00e8s-vente. L\u2019absence d\u2019espaces de vente physiques et la prise en charge exclusive par des robots conversationnels ou des messageries textuelles peuvent compliquer l\u2019exp\u00e9rience des utilisateurs moins technophiles, notamment les a\u00een\u00e9s.<\/p>\n<p>L\u2019int\u00e9gralit\u00e9 de mon intervention radiophonique est disponible sur la page de l\u2019\u00e9mission <a href=\"https:\/\/www.rts.ch\/audio-podcast\/2026\/audio\/abos-de-telephonie-mobile-la-fidelite-pas-souvent-recompensee-29345603.html\" target=\"_blank\" rel=\"noopener nofollow\">On en parle<\/a><a href=\"https:\/\/www.rts.ch\/audio-podcast\/2026\/audio\/abos-de-telephonie-mobile-la-fidelite-pas-souvent-recompensee-29345603.html\" target=\"_blank\" rel=\"noopener nofollow\"> de la RTS<\/a>. Voici encore l\u2019analyse de la <a href=\"https:\/\/www.konsumentenschutz.ch\/medienmitteilungen\/schleichende-preiserhoehungen-bei-handy-abos-diese-anbieter-fallen-besonders-auf\/\" target=\"_blank\" rel=\"noopener nofollow\">Fondation al\u00e9manique pour la protection des consommateurs<\/a> et le comparateur en ligne <a href=\"https:\/\/www.dschungelkompass.ch\/\" rel=\"nofollow noopener\" target=\"_blank\">Dschungelkompass<\/a>.<\/p>\n<p>Xavier Studer<\/p>\n<p>Comparez des formules int\u00e9ressantes: \u00e0 vos calculettes!<\/p>\n<p>R\u00e9seau de Salt<\/p>\n<p>R\u00e9seau de Sunrise (anciennement UPC)<\/p>\n<p>R\u00e9seau de Swisscom<\/p>\n<p>** Bient\u00f4t sur le r\u00e9seau Swisscom<\/p>\n<p>En savoir plus sur Le blog high-tech &amp; telecom de Xavier Studer<\/p>\n<p class=\"has-text-align-center wp-block-paragraph\" style=\"margin-top:10px;margin-bottom:10px;font-size:15px\">Subscribe to get the latest posts sent to your email.<\/p>\n","protected":false},"excerpt":{"rendered":"Xavier Studer au micro d\u2019On en parle de la RTS. Montage ChatGPT. La fid\u00e9lit\u00e9 envers son op\u00e9rateur constitue&hellip;\n","protected":false},"author":2,"featured_media":292299,"comment_status":"","ping_status":"","sticky":false,"template":"","format":"standard","meta":{"footnotes":"","_share_on_mastodon":"0"},"categories":[6],"tags":[45,44,43,5814,8615,10871,23,10872,10873,10875,6448],"class_list":["post-292298","post","type-post","status-publish","format-standard","has-post-thumbnail","category-economie","tag-business","tag-economie","tag-economy","tag-mobile","tag-offres","tag-salt","tag-suisse","tag-sunrise","tag-swisscom","tag-telecom","tag-telephonie"],"share_on_mastodon":{"url":"https:\/\/pubeurope.com\/@ch_fr\/117215177810738513","error":""},"_links":{"self":[{"href":"https:\/\/www.europesays.com\/ch-fr\/wp-json\/wp\/v2\/posts\/292298","targetHints":{"allow":["GET"]}}],"collection":[{"href":"https:\/\/www.europesays.com\/ch-fr\/wp-json\/wp\/v2\/posts"}],"about":[{"href":"https:\/\/www.europesays.com\/ch-fr\/wp-json\/wp\/v2\/types\/post"}],"author":[{"embeddable":true,"href":"https:\/\/www.europesays.com\/ch-fr\/wp-json\/wp\/v2\/users\/2"}],"replies":[{"embeddable":true,"href":"https:\/\/www.europesays.com\/ch-fr\/wp-json\/wp\/v2\/comments?post=292298"}],"version-history":[{"count":0,"href":"https:\/\/www.europesays.com\/ch-fr\/wp-json\/wp\/v2\/posts\/292298\/revisions"}],"wp:featuredmedia":[{"embeddable":true,"href":"https:\/\/www.europesays.com\/ch-fr\/wp-json\/wp\/v2\/media\/292299"}],"wp:attachment":[{"href":"https:\/\/www.europesays.com\/ch-fr\/wp-json\/wp\/v2\/media?parent=292298"}],"wp:term":[{"taxonomy":"category","embeddable":true,"href":"https:\/\/www.europesays.com\/ch-fr\/wp-json\/wp\/v2\/categories?post=292298"},{"taxonomy":"post_tag","embeddable":true,"href":"https:\/\/www.europesays.com\/ch-fr\/wp-json\/wp\/v2\/tags?post=292298"}],"curies":[{"name":"wp","href":"https:\/\/api.w.org\/{rel}","templated":true}]}}