{"id":292320,"date":"2026-09-04T23:08:14","date_gmt":"2026-09-04T23:08:14","guid":{"rendered":"https:\/\/www.europesays.com\/ch-fr\/292320\/"},"modified":"2026-09-04T23:08:14","modified_gmt":"2026-09-04T23:08:14","slug":"silo-une-saison-4-est-elle-prevue","status":"publish","type":"post","link":"https:\/\/www.europesays.com\/ch-fr\/292320\/","title":{"rendered":"Silo : Une saison 4 est-elle pr\u00e9vue ?"},"content":{"rendered":"<p>Silo rencontre un gros succ\u00e8s sur Apple TV puisque, depuis 500 jours, <a href=\"https:\/\/www.programme-tv.net\/news\/series-tv\/365346-silo-saison-2-quels-sont-les-changements-entre-la-serie-de-science-fiction-et-le-livre-de-hugh-howey\/\" data-api-deeplink=\"teleloisirs:\/\/news\/365346\" rel=\"nofollow noopener\" target=\"_blank\">la s\u00e9rie adapt\u00e9e du roman \u00e9ponyme de l&rsquo;auteur Hugh Howey<\/a> est dans le classement des dix programmes les plus populaires de la plateforme aux \u00c9tats-Unis. Sur l&rsquo;agr\u00e9gateur de critiques Rotten Tomatoes, elle a m\u00eame obtenu une moyenne de 93% de recommandation, et la troisi\u00e8me saison a m\u00eame r\u00e9ussi l\u2019exploit d\u2019afficher une note de 100 %\u202f!<\/p>\n<p><a href=\"https:\/\/www.programme-tv.net\/news\/series-tv\/369719-silo-saison-3-les-premieres-infos-sur-la-suite-de-la-serie-de-science-fiction\/\" data-api-deeplink=\"teleloisirs:\/\/news\/369719\" rel=\"nofollow noopener\" target=\"_blank\">Ce vendredi 4 septembre 2026, la saison 3 prend fin avec son dixi\u00e8me et dernier \u00e9pisode.<\/a> Pour la com\u00e9dienne Rebecca Ferguson (Juliette), il ne faut surtout pas louper <a href=\"https:\/\/www.programme-tv.net\/news\/series-tv\/369455-silo-saison-2-la-fin-expliquee-par-le-createur-et-ce-qu-elle-signifie-pour-la-saison-3\/\" data-api-deeplink=\"teleloisirs:\/\/news\/369455\" rel=\"nofollow noopener\" target=\"_blank\">ce final qui s\u2019annonce tout aussi surprenant que celui de la saison pass\u00e9e\u202f!<\/a><\/p>\n<p>La saison 4 de Silo est d\u00e9j\u00e0 confirm\u00e9e sur Apple TV<\/p>\n<p>De son c\u00f4t\u00e9, le cr\u00e9ateur Graham Yost aime que cette saison 3 se termine en \u00ab\u00a0apoth\u00e9ose\u00a0\u00bb. La raison\u202f? Cela donne envie aux t\u00e9l\u00e9spectateurs de revenir pour la saison suivante. Et \u00e7a tombe bien, puisque forte de son succ\u00e8s, la s\u00e9rie Silo a \u00e9t\u00e9 renouvel\u00e9e pour une saison 4\u202f!<\/p>\n<p>Lors d&rsquo;une pr\u00e9sentation d\u2019Apple TV au Comic Con en juillet dernier, il a \u00e9t\u00e9 r\u00e9v\u00e9l\u00e9 que cette prochaine salve d\u2019\u00e9pisodes sortira au cours de l\u2019\u00e9t\u00e9 2027.<\/p>\n<p>Le tournage de la quatri\u00e8me saison est d&rsquo;ailleurs d\u00e9j\u00e0 boucl\u00e9 et, pour le m\u00e9dia <a href=\"https:\/\/collider.com\/silo-season-4-apple-tv-sci-fi-rebecca-ferguson-interview\/\" rel=\"nofollow noopener\" target=\"_blank\">Collider<\/a>, Graham Yost a d\u00e9clar\u00e9\u00a0: \u00ab\u00a0Je dirais que chaque saison a son antagoniste, et la saison 4, c\u2019est comme dans un jeu vid\u00e9o avec le boss final du dernier niveau\u00a0\u00bb.<\/p>\n<p>La saison 4 de Silo r\u00e9soudra de nombreux myst\u00e8res<\/p>\n<p>Au cours de cet entretien, le showrunner a aussi donn\u00e9 une information cl\u00e9 sur cette saison 4, puisqu\u2019elle r\u00e9pondra \u00e0 plusieurs interrogations. \u00ab\u00a0Chaque saison apporte son lot de myst\u00e8res, et la plupart sont r\u00e9solus \u00e0 la fin de la saison 4. Nous voulions nous assurer d\u2019en avoir suffisamment r\u00e9v\u00e9l\u00e9 \u00e0 la fin de la saison 3 pour que le public n\u2019ait pas l\u2019impression d\u2019\u00eatre men\u00e9 en bateau\u00a0\u00bb, a-t-il dit.<\/p>\n<p>Mais pour les fans de Silo, il va tout de m\u00eame falloir prendre leur mal en patience pour d\u00e9couvrir la suite des aventures de Juliette, Helen (<a href=\"https:\/\/www.programme-tv.net\/biographie\/285185-henwick-jessica\/\" data-link-people=\"5c4ce76d-ee9b-4928-8d96-2dc9688ed7b1\" rel=\"nofollow noopener\" target=\"_blank\">Jessica Henwick<\/a>), <a href=\"https:\/\/www.programme-tv.net\/biographie\/321-robbins-tim\/\" data-link-people=\"4680bb22-88cf-409f-b748-f109592c1920\" rel=\"nofollow noopener\" target=\"_blank\">Tim Robbins<\/a> (Bernard) et tous les autres.<\/p>\n<p>Article \u00e9crit avec la collaboration de 6m\u00e9dias.<\/p>\n","protected":false},"excerpt":{"rendered":"Silo rencontre un gros succ\u00e8s sur Apple TV puisque, depuis 500 jours, la s\u00e9rie adapt\u00e9e du roman \u00e9ponyme&hellip;\n","protected":false},"author":2,"featured_media":292321,"comment_status":"","ping_status":"","sticky":false,"template":"","format":"standard","meta":{"footnotes":"","_share_on_mastodon":"0"},"categories":[13],"tags":[24620,489,113,112,2775,63623,27685,23,487,142],"class_list":["post-292320","post","type-post","status-publish","format-standard","has-post-thumbnail","category-television","tag-apple-tv-plus","tag-commentaire","tag-divertissement","tag-entertainment","tag-pub-streaming","tag-rebecca-ferguson","tag-silo","tag-suisse","tag-svod","tag-television"],"share_on_mastodon":{"url":"https:\/\/pubeurope.com\/@ch_fr\/117215291138986604","error":""},"_links":{"self":[{"href":"https:\/\/www.europesays.com\/ch-fr\/wp-json\/wp\/v2\/posts\/292320","targetHints":{"allow":["GET"]}}],"collection":[{"href":"https:\/\/www.europesays.com\/ch-fr\/wp-json\/wp\/v2\/posts"}],"about":[{"href":"https:\/\/www.europesays.com\/ch-fr\/wp-json\/wp\/v2\/types\/post"}],"author":[{"embeddable":true,"href":"https:\/\/www.europesays.com\/ch-fr\/wp-json\/wp\/v2\/users\/2"}],"replies":[{"embeddable":true,"href":"https:\/\/www.europesays.com\/ch-fr\/wp-json\/wp\/v2\/comments?post=292320"}],"version-history":[{"count":0,"href":"https:\/\/www.europesays.com\/ch-fr\/wp-json\/wp\/v2\/posts\/292320\/revisions"}],"wp:featuredmedia":[{"embeddable":true,"href":"https:\/\/www.europesays.com\/ch-fr\/wp-json\/wp\/v2\/media\/292321"}],"wp:attachment":[{"href":"https:\/\/www.europesays.com\/ch-fr\/wp-json\/wp\/v2\/media?parent=292320"}],"wp:term":[{"taxonomy":"category","embeddable":true,"href":"https:\/\/www.europesays.com\/ch-fr\/wp-json\/wp\/v2\/categories?post=292320"},{"taxonomy":"post_tag","embeddable":true,"href":"https:\/\/www.europesays.com\/ch-fr\/wp-json\/wp\/v2\/tags?post=292320"}],"curies":[{"name":"wp","href":"https:\/\/api.w.org\/{rel}","templated":true}]}}