{"id":292340,"date":"2026-09-04T23:32:10","date_gmt":"2026-09-04T23:32:10","guid":{"rendered":"https:\/\/www.europesays.com\/ch-fr\/292340\/"},"modified":"2026-09-04T23:32:10","modified_gmt":"2026-09-04T23:32:10","slug":"le-desert-datacama-au-chili-sous-la-neige-en-aout-dernier","status":"publish","type":"post","link":"https:\/\/www.europesays.com\/ch-fr\/292340\/","title":{"rendered":"Le d\u00e9sert d&rsquo;Atacama, au Chili, sous la neige en ao\u00fbt dernier"},"content":{"rendered":"<p>En r\u00e9sum\u00e9 :<\/p>\n<p>le d\u00e9sert le plus sec du monde a re\u00e7u en trois jours dix fois sa pluie d&rsquo;une ann\u00e9e compl\u00e8te;<\/p>\n<p>la neige est descendue des Andes jusqu&rsquo;aux abords du Pacifique, for\u00e7ant des observatoires \u00e0 suspendre leurs activit\u00e9s;<\/p>\n<p>on est en droit de se demander si El Ni\u00f1o n&rsquo;y serait pas pour quelque chose, sans que ce soit confirm\u00e9.<\/p>\n<p>Un endroit o\u00f9 la pluie rel\u00e8ve de la l\u00e9gende<\/p>\n<p>Dans l&rsquo;Atacama, certains secteurs peuvent passer des d\u00e9cennies \u2014 parfois des si\u00e8cles \u2014 sans recevoir la moindre goutte. Un puissant anticyclone y monte la garde en permanence et emp\u00eache les nuages de se former. C&rsquo;est le genre de coin o\u00f9 un parapluie se transmet de g\u00e9n\u00e9ration en g\u00e9n\u00e9ration sans jamais servir.<\/p>\n<p><img url=\"\/\/images.twnmm.com\/c55i45ef3o2a\/6kVQrPWhEd4o2PhyJ3zfCi\/89b24aa0144c07ee35a73db48c2e34aa\/atacama1b.avif\" alt=\"De la neige dans cette r\u00e9gion ? La m\u00e9t\u00e9o surprend une fois de plus\" loading=\"lazy\" decoding=\"async\" data-nimg=\"fill\" style=\"position:absolute;height:100%;width:100%;left:0;top:0;right:0;bottom:0;object-fit:contain;object-position:center center;color:transparent\"   src=\"https:\/\/www.europesays.com\/ch-fr\/wp-content\/uploads\/2026\/09\/atacama1b.avif.webp\"\/><\/p>\n<p>\nLe d\u00e9sert d&rsquo;Atacama dans son \u00e9tat normal. \u00a9 NASA<\/p>\n<p>Dix fois la pluie d&rsquo;une ann\u00e9e, en trois jours<\/p>\n<p>Les images satellites de la NASA, capt\u00e9es entre le 6 et le 19 ao\u00fbt, montrent un immense manteau blanc l\u00e0 o\u00f9 l&rsquo;on s&rsquo;attend \u00e0 voir du sable et des cailloux. La neige est tomb\u00e9e en altitude, dans les Andes, mais elle est descendue bien plus bas qu&rsquo;\u00e0 l&rsquo;habitude, jusqu&rsquo;aux abords du Pacifique. Plus pr\u00e8s de la c\u00f4te, la m\u00eame temp\u00eate s&rsquo;est transform\u00e9e en pluie : \u00e0 Taltal, une quarantaine de millim\u00e8tres en trois jours, alors que la moyenne annuelle tourne autour de quatre. Sur un sol durci par des ann\u00e9es de s\u00e9cheresse, l&rsquo;eau ne p\u00e9n\u00e8tre pas : elle d\u00e9vale. D&rsquo;o\u00f9 les coul\u00e9es de boue et les centaines de maisons endommag\u00e9es.<\/p>\n<p><img url=\"\/\/images.twnmm.com\/c55i45ef3o2a\/1HjtQBSs7xAXLK334mlqF0\/6f7aeedd4780ed4509680fa27b097a90\/atacama23.avif\" alt=\"De la neige dans cette r\u00e9gion ? La m\u00e9t\u00e9o surprend une fois de plus\" loading=\"lazy\" decoding=\"async\" data-nimg=\"fill\" style=\"position:absolute;height:100%;width:100%;left:0;top:0;right:0;bottom:0;object-fit:contain;object-position:center center;color:transparent\"   src=\"https:\/\/www.europesays.com\/ch-fr\/wp-content\/uploads\/2026\/09\/atacama23.avif.webp\"\/><\/p>\n<p>\nLe d\u00e9sert d&rsquo;Atacama sous la neige. \u00a9 NASA<\/p>\n<p>M\u00eame les t\u00e9lescopes ont pris cong\u00e9<\/p>\n<p>Sur le plateau de Chajnantor, l&rsquo;observatoire ALMA a d\u00fb interrompre ses observations et mettre ses antennes en mode survie. Choisir le ciel le plus sec du monde pour observer les \u00e9toiles, puis se faire ensevelir sous la neige : l&rsquo;univers a le sens de l&rsquo;ironie.<\/p>\n<p>Et si c&rsquo;\u00e9tait notre vieil ami El Ni\u00f1o ?<\/p>\n<p>Les scientifiques pointent d&rsquo;abord une vaste d\u00e9pression d\u00e9tach\u00e9e, aliment\u00e9e par une humidit\u00e9 c\u00f4ti\u00e8re inhabituelle. Mais quand un anticyclone aussi solide flanche, difficile de ne pas se demander si ce bon vieux El Ni\u00f1o ne serait pas en train de faire des siennes. L&rsquo;hypoth\u00e8se circule; la certitude, elle, n&rsquo;est pas encore tout \u00e0 fait au rendez-vous.<\/p>\n<p>Le contenu continue ci-dessous<\/p>\n<p>La bonne nouvelle, c\u2019est que toute cette eau pourrait provoquer une floraison spectaculaire dans le d\u00e9sert. Comme quoi la m\u00e9t\u00e9o, m\u00eame quand elle nous prend \u00e0 contre-pied, finit parfois par se faire pardonner.<\/p>\n<p>Source : La NASA<\/p>\n<p>\u00c0 VOIR : Jusqu&rsquo;\u00e0 40\u00b0 : du jamais-vu en septembre dans cette r\u00e9gion<\/p>\n","protected":false},"excerpt":{"rendered":"En r\u00e9sum\u00e9 : le d\u00e9sert le plus sec du monde a re\u00e7u en trois jours dix fois sa&hellip;\n","protected":false},"author":2,"featured_media":292341,"comment_status":"","ping_status":"","sticky":false,"template":"","format":"standard","meta":{"footnotes":"","_share_on_mastodon":"0"},"categories":[7],"tags":[61,57,59,58,23,60,62],"class_list":["post-292340","post","type-post","status-publish","format-standard","has-post-thumbnail","category-sciences-et-technologies","tag-science","tag-science-and-technology","tag-sciences","tag-sciences-et-technologies","tag-suisse","tag-technologies","tag-technology"],"share_on_mastodon":{"url":"https:\/\/pubeurope.com\/@ch_fr\/117215386187928900","error":""},"_links":{"self":[{"href":"https:\/\/www.europesays.com\/ch-fr\/wp-json\/wp\/v2\/posts\/292340","targetHints":{"allow":["GET"]}}],"collection":[{"href":"https:\/\/www.europesays.com\/ch-fr\/wp-json\/wp\/v2\/posts"}],"about":[{"href":"https:\/\/www.europesays.com\/ch-fr\/wp-json\/wp\/v2\/types\/post"}],"author":[{"embeddable":true,"href":"https:\/\/www.europesays.com\/ch-fr\/wp-json\/wp\/v2\/users\/2"}],"replies":[{"embeddable":true,"href":"https:\/\/www.europesays.com\/ch-fr\/wp-json\/wp\/v2\/comments?post=292340"}],"version-history":[{"count":0,"href":"https:\/\/www.europesays.com\/ch-fr\/wp-json\/wp\/v2\/posts\/292340\/revisions"}],"wp:featuredmedia":[{"embeddable":true,"href":"https:\/\/www.europesays.com\/ch-fr\/wp-json\/wp\/v2\/media\/292341"}],"wp:attachment":[{"href":"https:\/\/www.europesays.com\/ch-fr\/wp-json\/wp\/v2\/media?parent=292340"}],"wp:term":[{"taxonomy":"category","embeddable":true,"href":"https:\/\/www.europesays.com\/ch-fr\/wp-json\/wp\/v2\/categories?post=292340"},{"taxonomy":"post_tag","embeddable":true,"href":"https:\/\/www.europesays.com\/ch-fr\/wp-json\/wp\/v2\/tags?post=292340"}],"curies":[{"name":"wp","href":"https:\/\/api.w.org\/{rel}","templated":true}]}}