{"id":292346,"date":"2026-09-04T23:42:11","date_gmt":"2026-09-04T23:42:11","guid":{"rendered":"https:\/\/www.europesays.com\/ch-fr\/292346\/"},"modified":"2026-09-04T23:42:11","modified_gmt":"2026-09-04T23:42:11","slug":"mon-roc-mon-meilleur-ami-de-lamitie-a-lamour-entre-gautier-capucon-et-julia-elle-lui-adresse-une-belle-declaration","status":"publish","type":"post","link":"https:\/\/www.europesays.com\/ch-fr\/292346\/","title":{"rendered":"\u00ab\u00a0Mon roc, mon meilleur ami\u00a0\u00bb : De l&rsquo;amiti\u00e9 \u00e0 l&rsquo;amour entre Gautier Capu\u00e7on et Julia, elle lui adresse une belle d\u00e9claration"},"content":{"rendered":"<p class=\"mb-4 text-lg md:leading-8 break-words\">Gautier Capu\u00e7on vient de c\u00e9l\u00e9brer ses 45 ans. Pour l&rsquo;occasion, le c\u00e9l\u00e8bre violoncelliste a pu compter sur une tendre attention de sa compagne Julia Neugebauer. Celle qui partage son quotidien a choisi les r\u00e9seaux sociaux pour lui adresser quelques mots qui en disent long sur leur relation.<\/p>\n<p class=\"mb-4 text-lg md:leading-8 break-words\">Le premier est un violoniste renomm\u00e9 qui parcourt les plus grandes sc\u00e8nes internationales. Le second est devenu un violoncelliste \u00e0 la carri\u00e8re tout aussi brillante que celle de son a\u00een\u00e9. <a data-ylk=\"slk:Renaud Capu\u00e7on;elm:context_link;itc:0;sec:content-canvas;\" data-yga=\"{&quot;yLinkElement&quot;:&quot;link&quot;,&quot;yLinkElementType&quot;:&quot;article_link&quot;}\" href=\"https:\/\/www.purepeople.com\/people\/renaud-capucon_p2281\" rel=\"noopener noreferrer nofollow\" target=\"_blank\">Renaud Capu\u00e7on<\/a> et Gautier Capu\u00e7on, fr\u00e8res prodiges de la musique, sont \u00e0 la fois complices et compl\u00e9mentaires. \u00ab\u00a0Je suis plut\u00f4t un c\u00e9r\u00e9bral, un chercheur, alors que mon fr\u00e8re est plus instinctif. Il y a lui, moi, et nous deux. Quand on est ensemble, on est encore quelqu&rsquo;un d&rsquo;autre\u00a0\u00bb, avait confi\u00e9 Renaud Capu\u00e7on \u00e0 Paris Match.<\/p>\n<p class=\"mb-4 text-lg md:leading-8 break-words\">C\u00f4t\u00e9 c\u0153ur, les deux musiciens sont \u00e9galement \u00e9panouis. <a data-ylk=\"slk:Renaud Capu\u00e7on partage la vie de la journaliste Laurence Ferrari;elm:context_link;itc:0;sec:content-canvas;\" data-yga=\"{&quot;yLinkElement&quot;:&quot;link&quot;,&quot;yLinkElementType&quot;:&quot;article_link&quot;}\" href=\"https:\/\/www.purepeople.com\/article\/photos-de-lete-de-laurence-ferrari-et-renaud-capucon-lunettes-de-soleil-et-pieds-dans-leau-ils-profitent-avant-la-rentree_a553310\/1\" rel=\"noopener noreferrer nofollow\" target=\"_blank\">Renaud Capu\u00e7on partage la vie de la journaliste Laurence Ferrari<\/a>, tandis que <a data-ylk=\"slk:Gautier Capu\u00e7on est en couple avec Julia Neugebauer;elm:context_link;itc:0;sec:content-canvas;\" data-yga=\"{&quot;yLinkElement&quot;:&quot;link&quot;,&quot;yLinkElementType&quot;:&quot;article_link&quot;}\" href=\"https:\/\/www.purepeople.com\/article\/gautier-capucon-sa-nouvelle-compagne-julia-neugebauer-n-est-pas-n-importe-qui_a543457\/1\" rel=\"noopener noreferrer nofollow\" target=\"_blank\">Gautier Capu\u00e7on est en couple avec Julia Neugebauer<\/a>. P\u00e8re de <a data-ylk=\"slk:deux filles, F\u00e9e et Sissi;elm:context_link;itc:0;sec:content-canvas;\" data-yga=\"{&quot;yLinkElement&quot;:&quot;link&quot;,&quot;yLinkElementType&quot;:&quot;article_link&quot;}\" href=\"https:\/\/www.purepeople.com\/article\/gautier-capucon-partage-un-tendre-moment-avec-ses-2-filles-fee-et-sissi-une-tres-jolie-photo-de-vacances-a-la-plage-devoilee_a525904\/1\" rel=\"noopener noreferrer nofollow\" target=\"_blank\">deux filles, F\u00e9e et Sissi<\/a>, n\u00e9es de son histoire avec Delphine Borsarello, le violoncelliste aimerait parvenir \u00e0 consacrer davantage de temps \u00e0 ses proches malgr\u00e9 une carri\u00e8re tr\u00e8s prenante. \u00ab\u00a0On parlait de juste \u00e9quilibre, tout \u00e0 l&rsquo;heure. J&rsquo;esp\u00e8re pouvoir revenir un jour, ici, dans votre \u00e9mission et vous dire &lsquo;voil\u00e0 j&rsquo;ai trouv\u00e9 le secret de cet \u00e9quilibre !&rsquo; Mais il est tr\u00e8s difficile \u00e0 trouver. C&rsquo;est vrai que les journ\u00e9es et ann\u00e9es sont extr\u00eamement intenses. J&rsquo;ai aussi envie, bien s\u00fbr, de <a data-ylk=\"slk:passer plus de temps avec mes filles et avec Julia;elm:context_link;itc:0;sec:content-canvas;\" data-yga=\"{&quot;yLinkElement&quot;:&quot;link&quot;,&quot;yLinkElementType&quot;:&quot;article_link&quot;}\" href=\"https:\/\/www.purepeople.com\/article\/gautier-capucon-aimerait-passer-plus-de-temps-avec-sa-compagne-julia-neugebauer-et-ses-deux-filles-ce-nest-pas-facile_a549718\/1\" rel=\"noopener noreferrer nofollow\" target=\"_blank\">passer plus de temps avec mes filles et avec Julia<\/a>, avec qui je partage ma vie aujourd&rsquo;hui. C&rsquo;est pas facile\u2026\u00a0\u00bb, avait-il reconnu dans l&rsquo;\u00e9mission En apart\u00e9, diffus\u00e9e sur Canal+.<\/p>\n<p class=\"mb-4 text-lg md:leading-8 break-words\">Julia Neugebauer d\u00e9clare son amour \u00e0 Gautier Capu\u00e7on pour son anniversaire<\/p>\n<p class=\"mb-4 text-lg md:leading-8 break-words\">Ce jeudi 3 septembre, Gautier Capu\u00e7on a f\u00eat\u00e9 ses 45 ans. Le lendemain, sa compagne a tenu \u00e0 c\u00e9l\u00e9brer cet anniversaire dans une story publi\u00e9e sur Instagram. La directrice du m\u00e9c\u00e9nat et des \u00e9v\u00e9nements au Th\u00e9\u00e2tre des Champs-\u00c9lys\u00e9es a partag\u00e9 une photo en noir et blanc sur laquelle elle appara\u00eet aux c\u00f4t\u00e9s du musicien. \u00ab\u00a0Joyeux anniversaire my love\u00a0\u00bb, peut-on lire sur le clich\u00e9, accompagn\u00e9 d&rsquo;un c\u0153ur rouge.<\/p>\n<p><img alt=\"Extrait du compte Instagram de Julia Neugebauer.\" loading=\"lazy\" width=\"960\" height=\"1120\" decoding=\"async\" data-nimg=\"1\" class=\"rounded-lg\" style=\"color:transparent\" src=\"https:\/\/www.europesays.com\/ch-fr\/wp-content\/uploads\/2026\/09\/https:\/\/media.zenfs.com\/fr\/purepeople_fr_articles_981\/6752ba47fba06a091bb4364bb0816693.png\"\/><\/p>\n<p>\u00a9 Instagram, Instagram \/ Julia Neugebauer<\/p>\n<p class=\"mb-4 text-lg md:leading-8 break-words\">Mais Julia Neugebauer ne s&rsquo;est pas arr\u00eat\u00e9e l\u00e0. Elle a poursuivi avec une v\u00e9ritable d\u00e9claration \u00e0 celui qui est \u00e0 la fois son amoureux et son meilleur ami. \u00ab\u00a0Mon amour, mon roc. Mon meilleur ami, ma vie. L&rsquo;homme que j&rsquo;admire, l&rsquo;homme que j&rsquo;aime. Que la vie continue de nous offrir mille raisons de sourire et de nous aimer\u00a0\u00bb, a-t-elle \u00e9crit, accompagnant ses mots de petites \u00e9toiles. Une tendre d\u00e9claration qui t\u00e9moigne de la complicit\u00e9 qui unit le couple.<\/p>\n<p class=\"mb-4 text-lg md:leading-8 break-words\"><a data-ylk=\"slk:Article original sur Purepeople;elm:context_link;itc:0;sec:content-canvas;\" data-yga=\"{&quot;yLinkElement&quot;:&quot;link&quot;,&quot;yLinkElementType&quot;:&quot;article_link&quot;}\" href=\"https:\/\/www.purepeople.com\/article\/mon-roc-mon-meilleur-ami-de-lamitie-a-lamour-entre-gautier-capucon-et-julia-elle-lui-adresse-une-belle-declaration_a553868\/1\" rel=\"noopener noreferrer nofollow\" target=\"_blank\">Article original sur Purepeople<\/a><\/p>\n","protected":false},"excerpt":{"rendered":"Gautier Capu\u00e7on vient de c\u00e9l\u00e9brer ses 45 ans. Pour l&rsquo;occasion, le c\u00e9l\u00e8bre violoncelliste a pu compter sur une&hellip;\n","protected":false},"author":2,"featured_media":292347,"comment_status":"","ping_status":"","sticky":false,"template":"","format":"standard","meta":{"footnotes":"","_share_on_mastodon":"0"},"categories":[15],"tags":[63637,63630,3763,63634,158,157,63636,63635,113,112,63625,63628,162,63624,63627,63626,63631,63633,63632,21378,159,29644,23,63629],"class_list":["post-292346","post","type-post","status-publish","format-standard","has-post-thumbnail","category-people","tag-63637","tag-amour-a","tag-anniversaire","tag-cest-vrai-que-les-journees-et-annees","tag-celebrities","tag-celebrity","tag-celle-qui","tag-coeur-rouge","tag-divertissement","tag-entertainment","tag-gautier-capucon","tag-gautier-capucon-est-en","tag-instagram","tag-julia-neugebauer","tag-julia-neugebauer-mais","tag-julia-neugebauer-ne","tag-le-lendemain","tag-mais-il-est-tres-difficile-a-trouver","tag-meilleur-ami","tag-partage","tag-people","tag-renaud-capucon","tag-suisse","tag-violoncelliste-a-la"],"share_on_mastodon":{"url":"","error":"Validation failed: Text character limit of 500 exceeded"},"_links":{"self":[{"href":"https:\/\/www.europesays.com\/ch-fr\/wp-json\/wp\/v2\/posts\/292346","targetHints":{"allow":["GET"]}}],"collection":[{"href":"https:\/\/www.europesays.com\/ch-fr\/wp-json\/wp\/v2\/posts"}],"about":[{"href":"https:\/\/www.europesays.com\/ch-fr\/wp-json\/wp\/v2\/types\/post"}],"author":[{"embeddable":true,"href":"https:\/\/www.europesays.com\/ch-fr\/wp-json\/wp\/v2\/users\/2"}],"replies":[{"embeddable":true,"href":"https:\/\/www.europesays.com\/ch-fr\/wp-json\/wp\/v2\/comments?post=292346"}],"version-history":[{"count":0,"href":"https:\/\/www.europesays.com\/ch-fr\/wp-json\/wp\/v2\/posts\/292346\/revisions"}],"wp:featuredmedia":[{"embeddable":true,"href":"https:\/\/www.europesays.com\/ch-fr\/wp-json\/wp\/v2\/media\/292347"}],"wp:attachment":[{"href":"https:\/\/www.europesays.com\/ch-fr\/wp-json\/wp\/v2\/media?parent=292346"}],"wp:term":[{"taxonomy":"category","embeddable":true,"href":"https:\/\/www.europesays.com\/ch-fr\/wp-json\/wp\/v2\/categories?post=292346"},{"taxonomy":"post_tag","embeddable":true,"href":"https:\/\/www.europesays.com\/ch-fr\/wp-json\/wp\/v2\/tags?post=292346"}],"curies":[{"name":"wp","href":"https:\/\/api.w.org\/{rel}","templated":true}]}}