{"id":292354,"date":"2026-09-04T23:50:19","date_gmt":"2026-09-04T23:50:19","guid":{"rendered":"https:\/\/www.europesays.com\/ch-fr\/292354\/"},"modified":"2026-09-04T23:50:19","modified_gmt":"2026-09-04T23:50:19","slug":"cher-accuse-sa-belle-fille-de-courir-apres-largent-et-la-gloire","status":"publish","type":"post","link":"https:\/\/www.europesays.com\/ch-fr\/292354\/","title":{"rendered":"Cher accuse sa belle-fille de courir apr\u00e8s l&rsquo;argent et la gloire"},"content":{"rendered":"<p>La guerre est d\u00e9clar\u00e9e<\/p>\n<p><img loading=\"lazy\" alt=\"Cher a vivement critiqu\u00e9 sa belle-fille, la d\u00e9crivant comme une personne avide de c\u00e9l\u00e9brit\u00e9 et d'argent.\" width=\"1024\" height=\"576\" decoding=\"async\" data-nimg=\"1\" class=\"object-cover\" style=\"color:transparent\"   src=\"https:\/\/www.europesays.com\/ch-fr\/wp-content\/uploads\/2026\/09\/b0d624ff-aa27-4409-82e7-cfaeeee5cce9.jpg\"\/><\/p>\n<p class=\"text-dark-gray text-small mt-2\">Cher a vivement critiqu\u00e9 sa belle-fille, la d\u00e9crivant comme une personne avide de c\u00e9l\u00e9brit\u00e9 et d&rsquo;argent.<\/p>\n<p class=\"text-gray text-smaller mt-1 [.ticker-entry_&amp;]:border-b [.ticker-entry_&amp;]:border-aluminum [.ticker-entry_&amp;]:pb-1\">Covermedia<\/p>\n<p class=\"c-stacked-spacing a-paragraph a-paragraph--lead text-h4 leading-26 md:leading-28 text-navy p-4 pb-8 md:px-0 md:pt-8\" data-t-name=\"Paragraph\">La chanteuse a d\u00e9pos\u00e9 des documents judiciaires s&rsquo;opposant \u00e0 ce que Marieangela King-Allman devienne la tutrice de son fils Elijah Blue Allman.<\/p>\n<p><img alt=\"Covermedia\" loading=\"lazy\" width=\"40\" height=\"40\" decoding=\"async\" data-nimg=\"1\" class=\"h-full w-full rounded-full object-cover\" style=\"color:transparent\"  src=\"https:\/\/bluewin-prod-sc-images.imgix.net\/2026\/04\/07\/7a5fedb1-56da-4e01-a0c9-35e3098474bb.heif?w=96&amp;auto=format&amp;s=9ddb4d3b59a0cc99ba5a1aa330bced1e\"\/><\/p>\n<p class=\"author-names text-navy text-small\">Covermedia<\/p>\n<p><img alt=\"\" aria-hidden=\"true\" loading=\"lazy\" width=\"12\" height=\"12\" decoding=\"async\" data-nimg=\"1\" class=\"mr-1 h-3 w-3\" style=\"color:transparent\"  src=\"https:\/\/www.bluewin.ch\/_next\/static\/media\/021-clock.24ldz2iukf4_m.svg?w=32\"\/>02.09.2026, 17:30<\/p>\n<p class=\"c-paragraph text-standard wrap-break-word text-dark-gray font-thesans w-full\">Le fils de Cher, \u00e2g\u00e9 de 50 ans, est actuellement plac\u00e9 dans un \u00e9tablissement psychiatrique et p\u00e9nitentiaire du New Hampshire, car il fait l&rsquo;objet de plusieurs chefs d&rsquo;accusation li\u00e9s \u00e0 deux incidents distincts: l&rsquo;un au cours duquel il s&rsquo;est introduit par effraction dans une maison, et l&rsquo;autre au cours duquel il a provoqu\u00e9 un \u00ab trouble\u00bb dans la cantine d&rsquo;un lyc\u00e9e priv\u00e9 local.<\/p>\n<p class=\"c-paragraph text-standard wrap-break-word text-dark-gray font-thesans w-full\">Bien qu&rsquo;Elijah Blue Allman et Marieangela King-Allman soient l\u00e9galement toujours mari\u00e9s, les avocats de Cher ont fait valoir qu&rsquo;ils \u00e9taient s\u00e9par\u00e9s depuis longtemps et que sa bru ne cherchait qu&rsquo;\u00e0 obtenir gloire et fortune.<\/p>\n<p class=\"c-paragraph text-standard wrap-break-word text-dark-gray font-thesans w-full\">\u00ab L&rsquo;h\u00f4pital d&rsquo;\u00c9tat du New Hampshire, ainsi que le reste de la famille, restent fermement oppos\u00e9s \u00e0 ce que Mme King-Allman soit cit\u00e9e \u00e0 compara\u00eetre, compte tenu de sa s\u00e9paration d&rsquo;avec Elijah\u00bb, indiquent les documents judiciaires d\u00e9pos\u00e9s par l&rsquo;avocat de Cher, Justin Gold.<\/p>\n<p class=\"c-paragraph text-standard wrap-break-word text-dark-gray font-thesans w-full\">Cher justifie cette prise de position par le \u00ab refus et l&rsquo;incapacit\u00e9\u00bb de sa bru \u00ab \u00e0 venir en aide \u00e0 Elijah et Kayti Pease alors qu&rsquo;il traversait une p\u00e9riode difficile avant son arrestation dans le New Hampshire, et\/ou parce que la famille estime qu&rsquo;elle revient sur le devant de la sc\u00e8ne dans le but de gagner de l&rsquo;argent et\/ou d&rsquo;acc\u00e9der \u00e0 une certaine notori\u00e9t\u00e9\u00bb.<\/p>\n<p class=\"c-paragraph text-standard wrap-break-word text-dark-gray font-thesans w-full\">Kayti Pease, \u00e9galement connue sous le nom de Kayti Edwards, est la m\u00e8re de la fille d&rsquo;Elijah Blue Allman, Ever, \u00e2g\u00e9e de 15 ans \u2013 qui n&rsquo;a appris l&rsquo;identit\u00e9 de son p\u00e8re qu&rsquo;en mars 2026, apr\u00e8s la crise de sant\u00e9 mentale de ce dernier.<\/p>\n<p class=\"c-paragraph text-standard wrap-break-word text-dark-gray font-thesans w-full\">\u00ab Il voulait la voir et nouer une relation avec elle, mais il n&rsquo;\u00e9tait pas en \u00e9tat de le faire\u00bb, a d\u00e9clar\u00e9 Kayti Edwards au Sun en avril. \u00ab \u00c0 ce moment-l\u00e0, elle pensait qu&rsquo;il n&rsquo;\u00e9tait qu&rsquo;un ami de la famille.\u00bb<\/p>\n<p class=\"c-paragraph text-standard wrap-break-word text-dark-gray font-thesans w-full\">\u00ab J&rsquo;ai d\u00fb la prot\u00e9ger de lui et, quand il ira mieux, il m&rsquo;en sera reconnaissant\u00bb, a-t-elle ajout\u00e9. \u00ab Cher est \u00e9galement tr\u00e8s protectrice envers Ever et la dynamique familiale; elle conna\u00eet l&rsquo;\u00e9tat d&rsquo;Elijah et souhaite \u00e9galement la prot\u00e9ger de cela. Il doit redevenir l&rsquo;homme que j&rsquo;ai connu autrefois, et Cher est d&rsquo;accord. Nous devons l&rsquo;aider \u00e0 aller mieux.\u00bb<\/p>\n<p class=\"c-paragraph text-standard wrap-break-word text-dark-gray font-thesans w-full\">Dans le r\u00e9cent dossier d\u00e9pos\u00e9 au tribunal, les avocats de Cher ont affirm\u00e9 que Marieangela King-Allman n&rsquo;avait rien fait pour aider son fils \u00e0 la suite de ses arrestations et de son hospitalisation. \u00ab L&rsquo;\u00e9tat de M. Allman ne lui \u00e9tait pas inconnu, puisque Kayti Pease avait demand\u00e9 \u00e0 plusieurs reprises et souvent \u00e0 Mme King-Allman de l&rsquo;aider \u00e0 prendre soin de M. Allman\u00bb, indiquait le document.<\/p>\n<p class=\"c-paragraph text-standard wrap-break-word text-dark-gray font-thesans w-full\">\u00ab Mme King-Allman n&rsquo;a jamais lev\u00e9 le petit doigt pour aider, alors m\u00eame que M. Allman \u00e9tait cens\u00e9 \u00eatre son conjoint\u00bb, peut-on aussi lire. \u00ab \u00c0 pr\u00e9sent qu&rsquo;une proc\u00e9dure de mise sous tutelle est en cours, Mme King-Allman y voit clairement une opportunit\u00e9 financi\u00e8re de contr\u00f4ler ses revenus, et elle a tent\u00e9 de saisir l&rsquo;occasion cr\u00e9\u00e9e par son incarc\u00e9ration pour essayer de se r\u00e9ins\u00e9rer dans sa vie.\u00bb<\/p>\n","protected":false},"excerpt":{"rendered":"La guerre est d\u00e9clar\u00e9e Cher a vivement critiqu\u00e9 sa belle-fille, la d\u00e9crivant comme une personne avide de c\u00e9l\u00e9brit\u00e9&hellip;\n","protected":false},"author":2,"featured_media":292355,"comment_status":"","ping_status":"","sticky":false,"template":"","format":"standard","meta":{"footnotes":"","_share_on_mastodon":"0"},"categories":[7],"tags":[63639,61,57,59,58,23,60,62],"class_list":["post-292354","post","type-post","status-publish","format-standard","has-post-thumbnail","category-sciences-et-technologies","tag-music-industry","tag-science","tag-science-and-technology","tag-sciences","tag-sciences-et-technologies","tag-suisse","tag-technologies","tag-technology"],"share_on_mastodon":{"url":"https:\/\/pubeurope.com\/@ch_fr\/117215457045494359","error":""},"_links":{"self":[{"href":"https:\/\/www.europesays.com\/ch-fr\/wp-json\/wp\/v2\/posts\/292354","targetHints":{"allow":["GET"]}}],"collection":[{"href":"https:\/\/www.europesays.com\/ch-fr\/wp-json\/wp\/v2\/posts"}],"about":[{"href":"https:\/\/www.europesays.com\/ch-fr\/wp-json\/wp\/v2\/types\/post"}],"author":[{"embeddable":true,"href":"https:\/\/www.europesays.com\/ch-fr\/wp-json\/wp\/v2\/users\/2"}],"replies":[{"embeddable":true,"href":"https:\/\/www.europesays.com\/ch-fr\/wp-json\/wp\/v2\/comments?post=292354"}],"version-history":[{"count":0,"href":"https:\/\/www.europesays.com\/ch-fr\/wp-json\/wp\/v2\/posts\/292354\/revisions"}],"wp:featuredmedia":[{"embeddable":true,"href":"https:\/\/www.europesays.com\/ch-fr\/wp-json\/wp\/v2\/media\/292355"}],"wp:attachment":[{"href":"https:\/\/www.europesays.com\/ch-fr\/wp-json\/wp\/v2\/media?parent=292354"}],"wp:term":[{"taxonomy":"category","embeddable":true,"href":"https:\/\/www.europesays.com\/ch-fr\/wp-json\/wp\/v2\/categories?post=292354"},{"taxonomy":"post_tag","embeddable":true,"href":"https:\/\/www.europesays.com\/ch-fr\/wp-json\/wp\/v2\/tags?post=292354"}],"curies":[{"name":"wp","href":"https:\/\/api.w.org\/{rel}","templated":true}]}}