{"id":292356,"date":"2026-09-04T23:51:29","date_gmt":"2026-09-04T23:51:29","guid":{"rendered":"https:\/\/www.europesays.com\/ch-fr\/292356\/"},"modified":"2026-09-04T23:51:29","modified_gmt":"2026-09-04T23:51:29","slug":"le-petrole-et-le-logement-font-bondir-linflation-en-aout-2","status":"publish","type":"post","link":"https:\/\/www.europesays.com\/ch-fr\/292356\/","title":{"rendered":"Le p\u00e9trole et le logement font bondir l&rsquo;inflation en ao\u00fbt"},"content":{"rendered":"<p class=\"wysiwyg-h2\">Le co\u00fbt de la vie en Suisse a fortement augment\u00e9 en ao\u00fbt, soutenu par une hausse des loyers de logements, mais \u00e9galement l&rsquo;essence, le diesel et le mazout, indique jeudi l&rsquo;Office f\u00e9d\u00e9ral de la statistique (OFS).<\/p>\n<p>L&rsquo;indice des prix \u00e0 la consommation (IPC) a gonfl\u00e9 de 0,4% par rapport \u00e0 juillet, \u00e0 101,5 points.<\/p>\n<p>Parmi les facteurs qui ont \u00e9galement contribu\u00e9 au rench\u00e9rissement figurent les services hospitaliers stationnaires. En revanche, les prix des voyages \u00e0 forfait internationaux, de location de voitures et de l&rsquo;autopartage ont diminu\u00e9, de m\u00eame que ceux de la parah\u00f4tellerie, pr\u00e9cise l&rsquo;OFS.<\/p>\n<p>Sur un an, l&rsquo;inflation est \u00e9galement marqu\u00e9e, puisque l&rsquo;IPC a bondi de 0,8%.<\/p>\n<p>La hausse enregistr\u00e9e en ao\u00fbt est clairement sup\u00e9rieure aux pr\u00e9visions des \u00e9conomistes interrog\u00e9s par l&rsquo;agence AWP, qui tablaient sur une progression entre 0,5% et 0,6% en rythme annuel. Sur un mois, les pr\u00e9visions se situaient entre la stabilit\u00e9 et +0,2%.<\/p>\n<p>Pour rappel, en juillet, l&rsquo;indice a recul\u00e9 de 0,1% par rapport \u00e0 juin et augment\u00e9 de 0,4% sur un an.<\/p>\n<p> \/ATS<\/p>\n","protected":false},"excerpt":{"rendered":"Le co\u00fbt de la vie en Suisse a fortement augment\u00e9 en ao\u00fbt, soutenu par une hausse des loyers&hellip;\n","protected":false},"author":2,"featured_media":292357,"comment_status":"","ping_status":"","sticky":false,"template":"","format":"standard","meta":{"footnotes":"","_share_on_mastodon":"0"},"categories":[6],"tags":[121,124,128,45,119,44,43,122,123,118,136,132,131,133,130,135,120,126,117,125,114,115,116,23,129,127,134],"class_list":["post-292356","post","type-post","status-publish","format-standard","has-post-thumbnail","category-economie","tag-ajoie","tag-animation","tag-bienne","tag-business","tag-delemont","tag-economie","tag-economy","tag-franches-montagnes","tag-frequence","tag-jura","tag-jura-bernois","tag-la-chaux-de-fonds","tag-moutier","tag-neuchatel","tag-neuveville","tag-payerne","tag-porrentruy","tag-publicite","tag-radio","tag-redaction","tag-rfj","tag-rjb","tag-rtn","tag-suisse","tag-tavannes","tag-vallon-de-st-imier","tag-yverdon"],"share_on_mastodon":{"url":"https:\/\/pubeurope.com\/@ch_fr\/117215460366230525","error":""},"_links":{"self":[{"href":"https:\/\/www.europesays.com\/ch-fr\/wp-json\/wp\/v2\/posts\/292356","targetHints":{"allow":["GET"]}}],"collection":[{"href":"https:\/\/www.europesays.com\/ch-fr\/wp-json\/wp\/v2\/posts"}],"about":[{"href":"https:\/\/www.europesays.com\/ch-fr\/wp-json\/wp\/v2\/types\/post"}],"author":[{"embeddable":true,"href":"https:\/\/www.europesays.com\/ch-fr\/wp-json\/wp\/v2\/users\/2"}],"replies":[{"embeddable":true,"href":"https:\/\/www.europesays.com\/ch-fr\/wp-json\/wp\/v2\/comments?post=292356"}],"version-history":[{"count":0,"href":"https:\/\/www.europesays.com\/ch-fr\/wp-json\/wp\/v2\/posts\/292356\/revisions"}],"wp:featuredmedia":[{"embeddable":true,"href":"https:\/\/www.europesays.com\/ch-fr\/wp-json\/wp\/v2\/media\/292357"}],"wp:attachment":[{"href":"https:\/\/www.europesays.com\/ch-fr\/wp-json\/wp\/v2\/media?parent=292356"}],"wp:term":[{"taxonomy":"category","embeddable":true,"href":"https:\/\/www.europesays.com\/ch-fr\/wp-json\/wp\/v2\/categories?post=292356"},{"taxonomy":"post_tag","embeddable":true,"href":"https:\/\/www.europesays.com\/ch-fr\/wp-json\/wp\/v2\/tags?post=292356"}],"curies":[{"name":"wp","href":"https:\/\/api.w.org\/{rel}","templated":true}]}}