{"id":292372,"date":"2026-09-05T00:12:24","date_gmt":"2026-09-05T00:12:24","guid":{"rendered":"https:\/\/www.europesays.com\/ch-fr\/292372\/"},"modified":"2026-09-05T00:12:24","modified_gmt":"2026-09-05T00:12:24","slug":"accroche-alcaraz-se-hisse-en-8es-a-lus-open","status":"publish","type":"post","link":"https:\/\/www.europesays.com\/ch-fr\/292372\/","title":{"rendered":"Accroch\u00e9, Alcaraz se hisse en 8es \u00e0 l&rsquo;US Open"},"content":{"rendered":"<p class=\"wysiwyg-h2\">Tenant du titre \u00e0 l&rsquo;US Open, le no 3 mondial Carlos Alcaraz a d\u00fb s&#8217;employer vendredi contre le Chinois Wu Yibing (ATP 113) \u00e0 New York. Mais il s&rsquo;est malgr\u00e9 tout hiss\u00e9 en huiti\u00e8mes de finale.<\/p>\n<p>Vainqueur 6-3 6-4 6-1, le septuple laur\u00e9at de tournois majeurs n&rsquo;a que trop rarement fait ressentir sur le court l&rsquo;\u00e9cart de classement avec son adversaire, tr\u00e8s solide de fond de court.<\/p>\n<p>L&rsquo;Espagnol de 23 ans, qui dispute \u00e0 New York son premier tournoi depuis une blessure au poignet droit contract\u00e9e en avril, a laiss\u00e9 \u00e9chapper un break d&rsquo;avance dans chacune des deux premi\u00e8res manches, alternant tout au long du match entre cris de soulagement et rugissements de d\u00e9pit.<\/p>\n<p>Dans le troisi\u00e8me set, l&rsquo;ex-no 1 mondial a encore conc\u00e9d\u00e9 deux balles de break d\u00e8s le premier jeu. Apr\u00e8s avoir sauv\u00e9 sa mise en jeu, le Murcien a pris le service de Wu pour mener 3-1 et filer vers la victoire.<\/p>\n<p>Face \u00e0 Tommy Paul<\/p>\n<p>Auteur de fautes directes inhabituelles chez lui, notamment en coup droit, Alcaraz a malgr\u00e9 tout r\u00e9ussi \u00e0 gagner en trois sets, contrairement au tour pr\u00e9c\u00e9dent o\u00f9 il avait conc\u00e9d\u00e9 la premi\u00e8re manche au Portugais Jaime Faria (ATP 72).<\/p>\n<p>Apr\u00e8s avoir affront\u00e9 trois adversaires class\u00e9s hors du top 70, le huiti\u00e8me de finale programm\u00e9 dimanche contre l&rsquo;Am\u00e9ricain Tommy Paul (ATP 21) aura valeur de test pour la deuxi\u00e8me t\u00eate de s\u00e9rie du tournoi, dans un US Open sans favori \u00e9vident.<\/p>\n<p>Vainqueur du dernier US Open, de l&rsquo;Open d&rsquo;Australie en janvier avant de manquer Roland-Garros et Wimbledon \u00e0 cause de sa blessure, Alcaraz a align\u00e9 vendredi une 17e victoire d&rsquo;affil\u00e9e en Grand Chelem, la meilleure s\u00e9rie de sa carri\u00e8re m\u00eame s&rsquo;il reste loin du record de Novak Djokovic (30 victoires de suite entre Wimbledon 2015 et 2016).<\/p>\n<p> \/ATS<\/p>\n","protected":false},"excerpt":{"rendered":"Tenant du titre \u00e0 l&rsquo;US Open, le no 3 mondial Carlos Alcaraz a d\u00fb s&#8217;employer vendredi contre le&hellip;\n","protected":false},"author":2,"featured_media":292373,"comment_status":"","ping_status":"","sticky":false,"template":"","format":"standard","meta":{"footnotes":"","_share_on_mastodon":"0"},"categories":[4],"tags":[22,121,124,128,119,122,123,118,136,132,131,133,130,21,135,120,126,117,125,114,115,116,23,129,127,134],"class_list":["post-292372","post","type-post","status-publish","format-standard","has-post-thumbnail","category-actualites","tag-actualites","tag-ajoie","tag-animation","tag-bienne","tag-delemont","tag-franches-montagnes","tag-frequence","tag-jura","tag-jura-bernois","tag-la-chaux-de-fonds","tag-moutier","tag-neuchatel","tag-neuveville","tag-news","tag-payerne","tag-porrentruy","tag-publicite","tag-radio","tag-redaction","tag-rfj","tag-rjb","tag-rtn","tag-suisse","tag-tavannes","tag-vallon-de-st-imier","tag-yverdon"],"share_on_mastodon":{"url":"https:\/\/pubeurope.com\/@ch_fr\/117215543051534550","error":""},"_links":{"self":[{"href":"https:\/\/www.europesays.com\/ch-fr\/wp-json\/wp\/v2\/posts\/292372","targetHints":{"allow":["GET"]}}],"collection":[{"href":"https:\/\/www.europesays.com\/ch-fr\/wp-json\/wp\/v2\/posts"}],"about":[{"href":"https:\/\/www.europesays.com\/ch-fr\/wp-json\/wp\/v2\/types\/post"}],"author":[{"embeddable":true,"href":"https:\/\/www.europesays.com\/ch-fr\/wp-json\/wp\/v2\/users\/2"}],"replies":[{"embeddable":true,"href":"https:\/\/www.europesays.com\/ch-fr\/wp-json\/wp\/v2\/comments?post=292372"}],"version-history":[{"count":0,"href":"https:\/\/www.europesays.com\/ch-fr\/wp-json\/wp\/v2\/posts\/292372\/revisions"}],"wp:featuredmedia":[{"embeddable":true,"href":"https:\/\/www.europesays.com\/ch-fr\/wp-json\/wp\/v2\/media\/292373"}],"wp:attachment":[{"href":"https:\/\/www.europesays.com\/ch-fr\/wp-json\/wp\/v2\/media?parent=292372"}],"wp:term":[{"taxonomy":"category","embeddable":true,"href":"https:\/\/www.europesays.com\/ch-fr\/wp-json\/wp\/v2\/categories?post=292372"},{"taxonomy":"post_tag","embeddable":true,"href":"https:\/\/www.europesays.com\/ch-fr\/wp-json\/wp\/v2\/tags?post=292372"}],"curies":[{"name":"wp","href":"https:\/\/api.w.org\/{rel}","templated":true}]}}