{"id":292414,"date":"2026-09-05T01:33:14","date_gmt":"2026-09-05T01:33:14","guid":{"rendered":"https:\/\/www.europesays.com\/ch-fr\/292414\/"},"modified":"2026-09-05T01:33:14","modified_gmt":"2026-09-05T01:33:14","slug":"elliot-page-deplore-le-manque-de-roles-qui-lui-sont-proposes-depuis-lodyssee","status":"publish","type":"post","link":"https:\/\/www.europesays.com\/ch-fr\/292414\/","title":{"rendered":"Elliot Page d\u00e9plore le manque de r\u00f4les qui lui sont propos\u00e9s depuis \u00ab\u00a0L\u2019Odyss\u00e9e\u00a0\u00bb"},"content":{"rendered":"<p><img alt=\"Elliot Page d\u00e9plore le manque de r\u00f4les qui lui sont propos\u00e9s depuis \u00ab\u00a0L\u2019Odyss\u00e9e\u00a0\u00bb\" loading=\"lazy\" width=\"532\" height=\"340\" decoding=\"async\" data-nimg=\"1\" class=\"rounded-lg\" style=\"color:transparent\" src=\"https:\/\/www.europesays.com\/ch-fr\/wp-content\/uploads\/2026\/09\/https:\/\/media.zenfs.com\/fr\/20minutes.fr\/7ab1f6cf417f53d1c40b203366b09b68.jpg\"\/><\/p>\n<p>Elliot Page, acteur<\/p>\n<p class=\"mb-4 text-lg md:leading-8 break-words\">CH\u00d4MAGE technique &#8211; L&rsquo;acteur canadien a tenu un r\u00f4le secondaire dans le film de Christopher Nolan, adapt\u00e9 de l&rsquo;\u00e9pop\u00e9e d&rsquo;Hom\u00e8re<\/p>\n<p class=\"mb-4 text-lg md:leading-8 break-words\">Elliot Page a h\u00e2te de se remettre travail apr\u00e8s avoir figur\u00e9 au casting de <a data-ylk=\"slk:L&#039;Odyss\u00e9e;elm:context_link;itc:0;sec:content-canvas;\" data-yga=\"{&quot;yLinkElement&quot;:&quot;link&quot;,&quot;yLinkElementType&quot;:&quot;article_link&quot;}\" href=\"https:\/\/www.20minutes.fr\/arts-stars\/cinema\/4242316-20260902-avoir-vu-odyssee-cinema-donne-envie-apprendre-grec?at_medium=RSS%20feed&amp;at_campaign=ynews&amp;utm_source=yahoo&amp;utm_medium=rss&amp;utm_campaign=news_feed&amp;utm_content=in_article_link\" rel=\"noopener noreferrer nofollow\" target=\"_blank\">L&rsquo;Odyss\u00e9e<\/a> de <a data-ylk=\"slk:Christopher Nolan;elm:context_link;itc:0;sec:content-canvas;\" data-yga=\"{&quot;yLinkElement&quot;:&quot;link&quot;,&quot;yLinkElementType&quot;:&quot;article_link&quot;}\" href=\"https:\/\/www.20minutes.fr\/arts-stars\/cinema\/4238598-20260810-odyssee-depasse-batman-devient-plus-grand-succes-realisateur-christopher-nolan?at_medium=RSS%20feed&amp;at_campaign=ynews&amp;utm_source=yahoo&amp;utm_medium=rss&amp;utm_campaign=news_feed&amp;utm_content=in_article_link\" rel=\"noopener noreferrer nofollow\" target=\"_blank\">Christopher Nolan<\/a> dans le r\u00f4le de Sinon, un cousin et soldat d&rsquo;Ulysse, incarn\u00e9 par Matt Damon. Probl\u00e8me : le com\u00e9dien n&rsquo;a pas encore trouv\u00e9 de nouveau grand r\u00f4le, comme il l&rsquo;a confi\u00e9 cette semaine dans le podcast On Film\u2026 With Kevin McCarthy, rep\u00e9r\u00e9 par <a data-ylk=\"slk:Variety;elm:context_link;itc:0;sec:content-canvas;\" data-yga=\"{&quot;yLinkElement&quot;:&quot;link&quot;,&quot;yLinkElementType&quot;:&quot;article_link&quot;}\" href=\"https:\/\/variety.com\/2026\/film\/news\/elliot-page-casting-calls-after-odyssey-1236849618\/?at_medium=RSS%20feed&amp;at_campaign=ynews&amp;utm_source=yahoo&amp;utm_medium=rss&amp;utm_campaign=news_feed&amp;utm_content=in_article_link\" rel=\"noopener noreferrer nofollow\" target=\"_blank\">Variety<\/a>.<\/p>\n<p class=\"mb-4 text-lg md:leading-8 break-words\">\u00ab Si quelqu&rsquo;un veut m&rsquo;appeler, qu&rsquo;il n&rsquo;h\u00e9site pas \u00bb, a-t-il d\u00e9clar\u00e9 \u00e0 ce sujet, esp\u00e9rant pouvoir remplir son emploi du temps de r\u00f4les aussi brillants que ceux qu&rsquo;il a par exemple obtenus au c\u00f4t\u00e9 de Christopher Nolan. Le r\u00e9alisateur et l&rsquo;acteur de Juno avaient d\u00e9j\u00e0 collabor\u00e9 seize ans plus t\u00f4t pour le film d&rsquo;action et de science-fiction Inception. Une exp\u00e9rience qu&rsquo;Elliot Page ch\u00e9rit encore aujourd&rsquo;hui, m\u00eame s&rsquo;il n&rsquo;avait pas encore effectu\u00e9 \u00e0 l&rsquo;\u00e9poque son <a data-ylk=\"slk:coming-out transgenre;elm:context_link;itc:0;sec:content-canvas;\" data-yga=\"{&quot;yLinkElement&quot;:&quot;link&quot;,&quot;yLinkElementType&quot;:&quot;article_link&quot;}\" href=\"https:\/\/www.20minutes.fr\/arts-stars\/people\/2922147-20201202-elliot-page-recoit-soutien-nombreuses-stars-apres-annonce-transition-genre?at_medium=RSS%20feed&amp;at_campaign=ynews&amp;utm_source=yahoo&amp;utm_medium=rss&amp;utm_campaign=news_feed&amp;utm_content=in_article_link\" rel=\"noopener noreferrer nofollow\" target=\"_blank\">coming-out transgenre<\/a>, survenu en 2020.<\/p>\n<p>Le \u00ab meilleur \u00bb reste \u00e0 venir<\/p>\n<p class=\"mb-4 text-lg md:leading-8 break-words\">\u00ab Je me suis vraiment beaucoup amus\u00e9 (avec Inception). J&rsquo;ai vraiment ador\u00e9 travailler avec (le sc\u00e9nariste et r\u00e9alisateur), mais j&rsquo;\u00e9tais aussi, personnellement, tr\u00e8s mal \u00e0 l&rsquo;aise \u00bb, a-t-il avou\u00e9 en r\u00e9f\u00e9rence au personnage f\u00e9minin qu&rsquo;il incarnait dans le film. Or, maintenant que \u00ab ce poids a disparu \u00bb et que l&rsquo;acteur se sent mieux dans sa peau apr\u00e8s sa transition, il pense pouvoir \u00ab r\u00e9aliser certaines de (s) es meilleures performances \u00bb.<\/p>\n<p class=\"mb-4 text-lg md:leading-8 break-words\">\u00ab Je n&rsquo;ai plus \u00e0 me soucier (de mon corps), je me dis que je pourrais donner le meilleur de moi-m\u00eame parce que je suis beaucoup plus d\u00e9tendu et j&rsquo;adore ce que je fais \u00bb, a-t-il exp(&#8230;)<\/p>\n<p class=\"mb-4 text-lg md:leading-8 break-words\"><a data-ylk=\"slk:Lire la suite sur 20minutes;elm:context_link;itc:0;sec:content-canvas;\" data-yga=\"{&quot;yLinkElement&quot;:&quot;link&quot;,&quot;yLinkElementType&quot;:&quot;article_link&quot;}\" href=\"https:\/\/www.20minutes.fr\/arts-stars\/people\/4242863-20260904-elliot-page-deplore-manque-roles-proposes-depuis-odyssee?at_medium=RSS%20feed&amp;at_campaign=ynews&amp;utm_source=yahoo&amp;utm_medium=rss&amp;utm_campaign=news_feed&amp;utm_content=read_more_link&quot;\" rel=\"noopener noreferrer nofollow\" target=\"_blank\">Lire la suite sur 20minutes<\/a><\/p>\n<p>\u00c0 lire aussi :<br \/><a data-ylk=\"slk:Elliot Page raconte les difficult\u00e9s de sa famille \u00e0 accepter sa transition;elm:context_link;itc:0;sec:content-canvas;\" data-yga=\"{&quot;yLinkElement&quot;:&quot;link&quot;,&quot;yLinkElementType&quot;:&quot;article_link&quot;}\" href=\"https:\/\/www.20minutes.fr\/people\/4040049-20230606-elliot-page-raconte-difficultes-famille-accepter-transition?at_medium=RSS%20feed&amp;at_campaign=ynews&amp;utm_source=yahoo&amp;utm_medium=rss&amp;utm_campaign=news_feed&amp;utm_content=related_content_link\" rel=\"noopener noreferrer nofollow\" target=\"_blank\">Elliot Page raconte les difficult\u00e9s de sa famille \u00e0 accepter sa transition<\/a><br \/><a data-ylk=\"slk:Robert Pattinson fait une dr\u00f4le de comparaison entre \u00ab L&#039;Odyss\u00e9e \u00bb et \u00ab Twilight \u00bb;elm:context_link;itc:0;sec:content-canvas;\" data-yga=\"{&quot;yLinkElement&quot;:&quot;link&quot;,&quot;yLinkElementType&quot;:&quot;article_link&quot;}\" href=\"https:\/\/www.20minutes.fr\/arts-stars\/people\/4233738-20260711-robert-pattinson-fait-drole-comparaison-entre-odyssee-twilight?at_medium=RSS%20feed&amp;at_campaign=ynews&amp;utm_source=yahoo&amp;utm_medium=rss&amp;utm_campaign=news_feed&amp;utm_content=related_content_link\" rel=\"noopener noreferrer nofollow\" target=\"_blank\">Robert Pattinson fait une dr\u00f4le de comparaison entre \u00ab L&rsquo;Odyss\u00e9e \u00bb et \u00ab Twilight \u00bb<\/a><\/p>\n","protected":false},"excerpt":{"rendered":"Elliot Page, acteur CH\u00d4MAGE technique &#8211; L&rsquo;acteur canadien a tenu un r\u00f4le secondaire dans le film de Christopher&hellip;\n","protected":false},"author":2,"featured_media":292415,"comment_status":"","ping_status":"","sticky":false,"template":"","format":"standard","meta":{"footnotes":"","_share_on_mastodon":"0"},"categories":[15],"tags":[63646,158,157,63648,63647,113,55934,112,63649,4617,63652,159,63650,23,63645,63651],"class_list":["post-292414","post","type-post","status-publish","format-standard","has-post-thumbnail","category-people","tag-adapte-de-lepopee","tag-celebrities","tag-celebrity","tag-confie-cette-semaine-dans-le","tag-dis-que-je-pourrais-donner-le-meilleur-de-moi-meme","tag-divertissement","tag-elliot-page","tag-entertainment","tag-kevin-mccarthy","tag-matt-damon","tag-mieux-dans-sa-peau-apres-sa","tag-people","tag-quil-incarnait-dans-le","tag-suisse","tag-tenu-un-role-secondaire-dans-le","tag-tres-mal-a-laise"],"share_on_mastodon":{"url":"https:\/\/pubeurope.com\/@ch_fr\/117215861931127464","error":""},"_links":{"self":[{"href":"https:\/\/www.europesays.com\/ch-fr\/wp-json\/wp\/v2\/posts\/292414","targetHints":{"allow":["GET"]}}],"collection":[{"href":"https:\/\/www.europesays.com\/ch-fr\/wp-json\/wp\/v2\/posts"}],"about":[{"href":"https:\/\/www.europesays.com\/ch-fr\/wp-json\/wp\/v2\/types\/post"}],"author":[{"embeddable":true,"href":"https:\/\/www.europesays.com\/ch-fr\/wp-json\/wp\/v2\/users\/2"}],"replies":[{"embeddable":true,"href":"https:\/\/www.europesays.com\/ch-fr\/wp-json\/wp\/v2\/comments?post=292414"}],"version-history":[{"count":0,"href":"https:\/\/www.europesays.com\/ch-fr\/wp-json\/wp\/v2\/posts\/292414\/revisions"}],"wp:featuredmedia":[{"embeddable":true,"href":"https:\/\/www.europesays.com\/ch-fr\/wp-json\/wp\/v2\/media\/292415"}],"wp:attachment":[{"href":"https:\/\/www.europesays.com\/ch-fr\/wp-json\/wp\/v2\/media?parent=292414"}],"wp:term":[{"taxonomy":"category","embeddable":true,"href":"https:\/\/www.europesays.com\/ch-fr\/wp-json\/wp\/v2\/categories?post=292414"},{"taxonomy":"post_tag","embeddable":true,"href":"https:\/\/www.europesays.com\/ch-fr\/wp-json\/wp\/v2\/tags?post=292414"}],"curies":[{"name":"wp","href":"https:\/\/api.w.org\/{rel}","templated":true}]}}