{"id":292416,"date":"2026-09-05T01:35:22","date_gmt":"2026-09-05T01:35:22","guid":{"rendered":"https:\/\/www.europesays.com\/ch-fr\/292416\/"},"modified":"2026-09-05T01:35:22","modified_gmt":"2026-09-05T01:35:22","slug":"elles-nont-aucune-ame-mais-pourquoi-les-affiches-se-ressemblent-de-plus-en-plus","status":"publish","type":"post","link":"https:\/\/www.europesays.com\/ch-fr\/292416\/","title":{"rendered":"\u00ab\u00a0Elles n&rsquo;ont aucune \u00e2me\u00a0\u00bb : mais pourquoi les affiches se ressemblent de plus en plus ?"},"content":{"rendered":"<p>De plus en plus d&rsquo;associations, de commerces et d&rsquo;entreprises utilisent l&rsquo;intelligence artificielle pour cr\u00e9er leurs affiches publicitaires.Une pratique qui se g\u00e9n\u00e9ralise gr\u00e2ce \u00e0 sa facilit\u00e9 et \u00e0 son faible co\u00fbt.Mais la qualit\u00e9 des visuels et l&rsquo;impact environnemental de l&rsquo;IA attirent les critiques.<a href=\"https:\/\/www.tf1info.fr\/emissions\/tf1\/le-13h-10927\/\" rel=\"nofollow noopener\" class=\"jsx-2067374227 Link jsx-2275206292 jsx-1861676677\" target=\"_blank\"><\/p>\n<p style=\"font-weight:400\" class=\"jsx-3580589320\">Suivez la couverture compl\u00e8te<\/p>\n<p style=\"font-weight:800\" class=\"jsx-3580589320\">Le 13H<\/p>\n<p><\/a><a href=\"https:\/\/www.google.com\/preferences\/source?q=tf1info.fr\" class=\"jsx-2150648137 jsx-976369737 ActionButton ActionButton--withBorder\" rel=\"nofollow noopener\" target=\"_blank\"><\/p>\n<p> Ajoutez TF1info \u00e0 vos sources sur Google <\/p>\n<p><\/a><\/p>\n<p id=\"body-_R_17v7tm_-block-6\" data-module=\"article-paragraph\" class=\"jsx-2921227388 Paragraph\">Peut-\u00eatre l&rsquo;avez-vous remarqu\u00e9, en allant chez votre boulanger, au march\u00e9, au restaurant, ou tout simplement en vous baladant dans la rue : beaucoup d&rsquo;affiches semblent d\u00e9sormais avoir des points communs. Et pour cause : ces visuels ont tous \u00e9t\u00e9 r\u00e9alis\u00e9s par intelligence artificielle. Des indices permettent de les reconna\u00eetre, notamment ces petits traits que l&rsquo;IA a tendance \u00e0 placer partout sur les images, comme on le voit dans le reportage en t\u00eate de cet article.\u00a0<\/p>\n<p data-module=\"article-paragraph\" class=\"jsx-2921227388 Paragraph Paragraph__End\">Sur les r\u00e9seaux sociaux, de nombreux internautes s&rsquo;amusent \u00e0 les recenser, tandis que d&rsquo;autres expriment leur m\u00e9contentement : \u00ab\u00a0Les affiches IA partout, j&rsquo;en peux plus\u00a0\u00bb ; \u00ab\u00a0Elles n&rsquo;ont aucune \u00e2me et se ressemblent toutes.\u00a0\u00bb Comment expliquer cette soudaine profusion ?<\/p>\n<p>Un outil accessible pour les petits budgets<\/p>\n<p id=\"body-_R_17v7tm_-block-9\" data-module=\"article-paragraph\" class=\"jsx-2921227388 Paragraph Paragraph__End\">C&rsquo;est d&rsquo;abord la simplicit\u00e9 d&rsquo;utilisation de ces outils qui explique ce succ\u00e8s. Marie-Laure et Marie-Pascale, membres d&rsquo;une association \u00e0 Royan (Charente-Maritime), illustrent cette tendance. Pour cr\u00e9er une affiche destin\u00e9e \u00e0 promouvoir leur association lors d&rsquo;un forum, elles n&rsquo;ont besoin que d&rsquo;un t\u00e9l\u00e9phone. Elles dictent simplement \u00e0 un outil d&rsquo;intelligence artificielle toutes les informations qui doivent appara\u00eetre sur l&rsquo;affiche. \u00ab\u00a0Hop, il va nous faire une premi\u00e8re proposition. \u00c7a prend 30 secondes. Ah, super !\u00a0\u00bb Le r\u00e9sultat d\u00e9passe \u00e0 chaque fois leurs esp\u00e9rances, confient-elles.<\/p>\n<p id=\"body-_R_17v7tm_-block-11\" data-module=\"article-paragraph\" class=\"jsx-2921227388 Paragraph Paragraph__End\">Des milliers d&rsquo;associations et de petits commerces ont ainsi recours \u00e0 cette technologie. Avec un budget restreint, voire inexistant, l&rsquo;IA devient l&rsquo;outil de communication parfait. \u00ab\u00a0C&rsquo;est moindre co\u00fbt, co\u00fbt z\u00e9ro\u00a0\u00bb, expliquent les utilisatrices. Pour obtenir le m\u00eame r\u00e9sultat sans IA, elles devraient faire appel \u00e0 un graphiste, ce qu&rsquo;elles ne peuvent pas se permettre. \u00ab\u00a0C&rsquo;est le miracle de l&rsquo;IA\u00a0\u00bb, s&rsquo;amusent-elles.<\/p>\n<p id=\"body-_R_17v7tm_-block-12\" data-module=\"article-paragraph\" class=\"jsx-2921227388 Paragraph Paragraph__End\">Mais cet usage ne concerne pas uniquement les petits budgets. Selon une \u00e9tude am\u00e9ricaine, pr\u00e8s d&rsquo;une entreprise sur cinq qui faisait auparavant appel \u00e0 un graphiste l&rsquo;aurait d\u00e9j\u00e0 remplac\u00e9 par de l&rsquo;IA.<\/p>\n<p>Des d\u00e9fauts point\u00e9s par les professionnels<\/p>\n<p id=\"body-_R_17v7tm_-block-15\" data-module=\"article-paragraph\" class=\"jsx-2921227388 Paragraph Paragraph__End\">Julie Champenois, graphiste \u00e0 Saintes (Charente-Maritime), estime que les affiches g\u00e9n\u00e9r\u00e9es par l&rsquo;IA pr\u00e9sentent encore de nombreux d\u00e9fauts. \u00ab\u00a0L\u00e0, il y a tellement d&rsquo;infos qu&rsquo;on ne sait plus o\u00f9 regarder. Le regard se noie dans tout \u00e7a. Le fond, les textes, il y en a partout.. En fait, il n&rsquo;y a pas de vide\u00a0\u00bb, analyse-t-elle.\u00a0<\/p>\n<p><a href=\"https:\/\/www.tf1info.fr\/high-tech\/pourquoi-la-nouvelle-fonctionnalite-de-google-earth-dopee-a-l-intelligence-artificielle-a-du-etre-desactivee-en-urgence-2456719.html\" rel=\"nofollow noopener\" class=\"jsx-958316424 Link flex\" target=\"_blank\"><img decoding=\"async\" src=\"https:\/\/www.europesays.com\/ch-fr\/wp-content\/uploads\/2026\/09\/intelligence-artificielle-ia-1-27a67a-0@1x.jpeg\" alt=\"Intelligence artificielle IA\" loading=\"lazy\" importance=\"low\" fetchpriority=\"low\" class=\"\" copyright=\"Getty Images\" aria-hidden=\"true\"\/><\/p>\n<p class=\"jsx-4054529586 ReadMoreArticle__Title\">Lire aussi<\/p>\n<p class=\"jsx-4054529586\">Pourquoi la nouvelle fonctionnalit\u00e9 de Google Earth dop\u00e9e \u00e0 l&rsquo;intelligence artificielle a d\u00fb \u00eatre d\u00e9sactiv\u00e9e en urgence<\/p>\n<p><\/a><\/p>\n<p id=\"body-_R_17v7tm_-block-17\" data-module=\"article-paragraph\" class=\"jsx-2921227388 Paragraph\">Lorsqu&rsquo;elle compare plusieurs visuels entre eux, Julie constate que \u00ab\u00a0tout se ressemble, on se perd compl\u00e8tement\u00a0\u00bb. Or, l&rsquo;objectif d&rsquo;une affiche est justement de se distinguer et d&rsquo;avoir une identit\u00e9 propre, rappelle-t-elle.\u00a0<\/p>\n<p data-module=\"article-paragraph\" class=\"jsx-2921227388 Paragraph Paragraph__End\">Par ailleurs, la g\u00e9n\u00e9ration de tous ces visuels par intelligence artificielle consomme \u00e9norm\u00e9ment d&rsquo;eau pour refroidir les centres de donn\u00e9es. Un usage critiqu\u00e9 \u00e0 l&rsquo;heure o\u00f9 les p\u00e9riodes de s\u00e9cheresse se multiplient.<\/p>\n<p>La r\u00e9daction de TF1info | Reportage Ars\u00e8ne GAY, Michael MERLE, Pierre HUMEZ<\/p>\n","protected":false},"excerpt":{"rendered":"De plus en plus d&rsquo;associations, de commerces et d&rsquo;entreprises utilisent l&rsquo;intelligence artificielle pour cr\u00e9er leurs affiches publicitaires.Une pratique&hellip;\n","protected":false},"author":2,"featured_media":292417,"comment_status":"","ping_status":"","sticky":false,"template":"","format":"standard","meta":{"footnotes":"","_share_on_mastodon":"0"},"categories":[13],"tags":[694,22,927,113,112,30,696,323,8124,23,142,154,14521],"class_list":["post-292416","post","type-post","status-publish","format-standard","has-post-thumbnail","category-television","tag-actu","tag-actualites","tag-article-video","tag-divertissement","tag-entertainment","tag-france","tag-info","tag-intelligence-artificielle","tag-le-13h","tag-suisse","tag-television","tag-video","tag-video-nouvelles-technologies"],"share_on_mastodon":{"url":"https:\/\/pubeurope.com\/@ch_fr\/117215869687593792","error":""},"_links":{"self":[{"href":"https:\/\/www.europesays.com\/ch-fr\/wp-json\/wp\/v2\/posts\/292416","targetHints":{"allow":["GET"]}}],"collection":[{"href":"https:\/\/www.europesays.com\/ch-fr\/wp-json\/wp\/v2\/posts"}],"about":[{"href":"https:\/\/www.europesays.com\/ch-fr\/wp-json\/wp\/v2\/types\/post"}],"author":[{"embeddable":true,"href":"https:\/\/www.europesays.com\/ch-fr\/wp-json\/wp\/v2\/users\/2"}],"replies":[{"embeddable":true,"href":"https:\/\/www.europesays.com\/ch-fr\/wp-json\/wp\/v2\/comments?post=292416"}],"version-history":[{"count":0,"href":"https:\/\/www.europesays.com\/ch-fr\/wp-json\/wp\/v2\/posts\/292416\/revisions"}],"wp:featuredmedia":[{"embeddable":true,"href":"https:\/\/www.europesays.com\/ch-fr\/wp-json\/wp\/v2\/media\/292417"}],"wp:attachment":[{"href":"https:\/\/www.europesays.com\/ch-fr\/wp-json\/wp\/v2\/media?parent=292416"}],"wp:term":[{"taxonomy":"category","embeddable":true,"href":"https:\/\/www.europesays.com\/ch-fr\/wp-json\/wp\/v2\/categories?post=292416"},{"taxonomy":"post_tag","embeddable":true,"href":"https:\/\/www.europesays.com\/ch-fr\/wp-json\/wp\/v2\/tags?post=292416"}],"curies":[{"name":"wp","href":"https:\/\/api.w.org\/{rel}","templated":true}]}}