{"id":292420,"date":"2026-09-05T01:40:11","date_gmt":"2026-09-05T01:40:11","guid":{"rendered":"https:\/\/www.europesays.com\/ch-fr\/292420\/"},"modified":"2026-09-05T01:40:11","modified_gmt":"2026-09-05T01:40:11","slug":"wout-van-aert-remporte-la-13e-etape-de-la-vuelta-2","status":"publish","type":"post","link":"https:\/\/www.europesays.com\/ch-fr\/292420\/","title":{"rendered":"Wout Van Aert remporte la 13e \u00e9tape de la Vuelta"},"content":{"rendered":"<p class=\"wysiwyg-h2\">Le Belge Wout Van Aert a remport\u00e9 sous une chaleur \u00e9crasante la 13e \u00e9tape du Tour d&rsquo;Espagne, vendredi \u00e0 Loja, en Andalousie. L&rsquo;Espagnol Enric Mas a conserv\u00e9 le maillot rouge de leader.<\/p>\n<p>Le coureur de la formation Visma-Lease a Bike, qui faisait partie d&rsquo;un groupe de neuf attaquants, s&rsquo;est impos\u00e9 au sprint devant le Fran\u00e7ais Valentin Paret-Peintre, avec qui le maillot vert de l&rsquo;\u00e9preuve s&rsquo;\u00e9tait isol\u00e9 en t\u00eate \u00e0 quatre kilom\u00e8tres de la ligne.<\/p>\n<p>Avec cette victoire, Van Aert d\u00e9croche son quatri\u00e8me bouquet sur la Vuelta apr\u00e8s ses trois succ\u00e8s lors de l&rsquo;\u00e9dition 2024 (3e, 7e et 10e \u00e9tapes). C&rsquo;est sa huiti\u00e8me victoire de la saison, qui aura \u00e9t\u00e9 marqu\u00e9e par son sacre sur Paris-Roubaix en avril devant Tadej Pogacar.<\/p>\n<p>Samedi, la 14e \u00e9tape propose une nouvelle arriv\u00e9e en c\u00f4te (12 km \u00e0 7% de d\u00e9clivit\u00e9), au sommet de Sierra de la Pandera.<\/p>\n<p> \/ATS<\/p>\n","protected":false},"excerpt":{"rendered":"Le Belge Wout Van Aert a remport\u00e9 sous une chaleur \u00e9crasante la 13e \u00e9tape du Tour d&rsquo;Espagne, vendredi&hellip;\n","protected":false},"author":2,"featured_media":292421,"comment_status":"","ping_status":"","sticky":false,"template":"","format":"standard","meta":{"footnotes":"","_share_on_mastodon":"0"},"categories":[8],"tags":[121,124,128,119,122,123,118,136,132,131,133,130,135,120,126,117,125,114,115,116,75,23,129,127,134],"class_list":["post-292420","post","type-post","status-publish","format-standard","has-post-thumbnail","category-sports","tag-ajoie","tag-animation","tag-bienne","tag-delemont","tag-franches-montagnes","tag-frequence","tag-jura","tag-jura-bernois","tag-la-chaux-de-fonds","tag-moutier","tag-neuchatel","tag-neuveville","tag-payerne","tag-porrentruy","tag-publicite","tag-radio","tag-redaction","tag-rfj","tag-rjb","tag-rtn","tag-sports","tag-suisse","tag-tavannes","tag-vallon-de-st-imier","tag-yverdon"],"share_on_mastodon":{"url":"https:\/\/pubeurope.com\/@ch_fr\/117215889095360107","error":""},"_links":{"self":[{"href":"https:\/\/www.europesays.com\/ch-fr\/wp-json\/wp\/v2\/posts\/292420","targetHints":{"allow":["GET"]}}],"collection":[{"href":"https:\/\/www.europesays.com\/ch-fr\/wp-json\/wp\/v2\/posts"}],"about":[{"href":"https:\/\/www.europesays.com\/ch-fr\/wp-json\/wp\/v2\/types\/post"}],"author":[{"embeddable":true,"href":"https:\/\/www.europesays.com\/ch-fr\/wp-json\/wp\/v2\/users\/2"}],"replies":[{"embeddable":true,"href":"https:\/\/www.europesays.com\/ch-fr\/wp-json\/wp\/v2\/comments?post=292420"}],"version-history":[{"count":0,"href":"https:\/\/www.europesays.com\/ch-fr\/wp-json\/wp\/v2\/posts\/292420\/revisions"}],"wp:featuredmedia":[{"embeddable":true,"href":"https:\/\/www.europesays.com\/ch-fr\/wp-json\/wp\/v2\/media\/292421"}],"wp:attachment":[{"href":"https:\/\/www.europesays.com\/ch-fr\/wp-json\/wp\/v2\/media?parent=292420"}],"wp:term":[{"taxonomy":"category","embeddable":true,"href":"https:\/\/www.europesays.com\/ch-fr\/wp-json\/wp\/v2\/categories?post=292420"},{"taxonomy":"post_tag","embeddable":true,"href":"https:\/\/www.europesays.com\/ch-fr\/wp-json\/wp\/v2\/tags?post=292420"}],"curies":[{"name":"wp","href":"https:\/\/api.w.org\/{rel}","templated":true}]}}