{"id":292422,"date":"2026-09-05T01:45:08","date_gmt":"2026-09-05T01:45:08","guid":{"rendered":"https:\/\/www.europesays.com\/ch-fr\/292422\/"},"modified":"2026-09-05T01:45:08","modified_gmt":"2026-09-05T01:45:08","slug":"zachary-athekame-marque-son-premier-but-pour-lyon","status":"publish","type":"post","link":"https:\/\/www.europesays.com\/ch-fr\/292422\/","title":{"rendered":"Zachary Athekame marque son premier but pour Lyon"},"content":{"rendered":"<p class=\"wysiwyg-h2\">Zackary Athekame a marqu\u00e9 vendredi son premier but en Ligue 1 lors de la victoire de Lyon contre Auxerre (3-1). Le lat\u00e9ral genevois de 21 ans a inscrit le 2-0 pour l&rsquo;OL.<\/p>\n<p>Pr\u00eat\u00e9 par l&rsquo;AC Milan cette saison, Athekame a d\u00e9j\u00e0 fait sien le couloir droit de Lyon. Apr\u00e8s avoir d\u00e9livr\u00e9 sa premi\u00e8re passe d\u00e9cisive le week-end dernier au Havre (1-1), il a fait trembler les filets pour la premi\u00e8re fois avec sa nouvelle \u00e9quipe.<\/p>\n<p>Son joli but est tomb\u00e9 \u00e0 la 31e alors que l&rsquo;OL venait d&rsquo;ouvrir le score dans son stade. L&rsquo;international M21 a tromp\u00e9 le gardien auxerrois Mamadou Diop d&rsquo;une frappe \u00e0 ras de terre \u00e0 l&rsquo;or\u00e9e de la surface.<\/p>\n<p>Ses bonnes performances pourraient convaincre Murat Yakin de le s\u00e9lectionner lors du prochain rassemblement de l&rsquo;\u00e9quipe de Suisse fin septembre. Surtout depuis que Silvan Widmer, lat\u00e9ral droit de la Suisse ces derni\u00e8res ann\u00e9es, a annonc\u00e9 sa retraite internationale.<\/p>\n<p>Monaco s&rsquo;impose \u00e0 Paris<\/p>\n<p>L&rsquo;AS Monaco de Denis Zakaria a jou\u00e9 un mauvais tour au Paris Saint-Germain. Les Mon\u00e9gasques se sont impos\u00e9s 2-1 face aux champions d&rsquo;Europe, toujours \u00e0 la recherche d&rsquo;un premier succ\u00e8s en Ligue 1.<\/p>\n<p>Apr\u00e8s des matches nuls \u00e0 Rennes et Lille (2-2), les Parisiens ont confirm\u00e9 leur d\u00e9but de championnat tr\u00e8s compliqu\u00e9 en s&rsquo;inclinant face aux Mon\u00e9gasques, vainqueurs gr\u00e2ce \u00e0 Flavio Nazinho (58e) et Stanis Idumbo (72e) alors que Marquinhos avait ouvert le score pour le PSG (31e).<\/p>\n<p>L&rsquo;\u00e9quipe de Luis Enrique, dont la prolongation jusqu&rsquo;en 2030 a \u00e9t\u00e9 annonc\u00e9e avant la rencontre, s&rsquo;enfonce \u00e0 la 12e place avec deux points seulement au compteur, \u00e0 d\u00e9j\u00e0 sept longueurs des Mon\u00e9gasques, auteurs d&rsquo;un carton plein (9 pts).<\/p>\n<p>Capitaine de l&rsquo;ASM, le Genevois Denis Zakaria a jou\u00e9 l&rsquo;int\u00e9gralit\u00e9 de la partie au milieu de terrain.<\/p>\n<p> \/ATS<\/p>\n","protected":false},"excerpt":{"rendered":"Zackary Athekame a marqu\u00e9 vendredi son premier but en Ligue 1 lors de la victoire de Lyon contre&hellip;\n","protected":false},"author":2,"featured_media":292423,"comment_status":"","ping_status":"","sticky":false,"template":"","format":"standard","meta":{"footnotes":"","_share_on_mastodon":"0"},"categories":[4],"tags":[22,121,124,128,119,122,123,118,136,132,131,133,130,21,135,120,126,117,125,114,115,116,23,129,127,134],"class_list":["post-292422","post","type-post","status-publish","format-standard","has-post-thumbnail","category-actualites","tag-actualites","tag-ajoie","tag-animation","tag-bienne","tag-delemont","tag-franches-montagnes","tag-frequence","tag-jura","tag-jura-bernois","tag-la-chaux-de-fonds","tag-moutier","tag-neuchatel","tag-neuveville","tag-news","tag-payerne","tag-porrentruy","tag-publicite","tag-radio","tag-redaction","tag-rfj","tag-rjb","tag-rtn","tag-suisse","tag-tavannes","tag-vallon-de-st-imier","tag-yverdon"],"share_on_mastodon":{"url":"https:\/\/pubeurope.com\/@ch_fr\/117215908776909713","error":""},"_links":{"self":[{"href":"https:\/\/www.europesays.com\/ch-fr\/wp-json\/wp\/v2\/posts\/292422","targetHints":{"allow":["GET"]}}],"collection":[{"href":"https:\/\/www.europesays.com\/ch-fr\/wp-json\/wp\/v2\/posts"}],"about":[{"href":"https:\/\/www.europesays.com\/ch-fr\/wp-json\/wp\/v2\/types\/post"}],"author":[{"embeddable":true,"href":"https:\/\/www.europesays.com\/ch-fr\/wp-json\/wp\/v2\/users\/2"}],"replies":[{"embeddable":true,"href":"https:\/\/www.europesays.com\/ch-fr\/wp-json\/wp\/v2\/comments?post=292422"}],"version-history":[{"count":0,"href":"https:\/\/www.europesays.com\/ch-fr\/wp-json\/wp\/v2\/posts\/292422\/revisions"}],"wp:featuredmedia":[{"embeddable":true,"href":"https:\/\/www.europesays.com\/ch-fr\/wp-json\/wp\/v2\/media\/292423"}],"wp:attachment":[{"href":"https:\/\/www.europesays.com\/ch-fr\/wp-json\/wp\/v2\/media?parent=292422"}],"wp:term":[{"taxonomy":"category","embeddable":true,"href":"https:\/\/www.europesays.com\/ch-fr\/wp-json\/wp\/v2\/categories?post=292422"},{"taxonomy":"post_tag","embeddable":true,"href":"https:\/\/www.europesays.com\/ch-fr\/wp-json\/wp\/v2\/tags?post=292422"}],"curies":[{"name":"wp","href":"https:\/\/api.w.org\/{rel}","templated":true}]}}