{"id":292424,"date":"2026-09-05T01:49:32","date_gmt":"2026-09-05T01:49:32","guid":{"rendered":"https:\/\/www.europesays.com\/ch-fr\/292424\/"},"modified":"2026-09-05T01:49:32","modified_gmt":"2026-09-05T01:49:32","slug":"kutesa-pourquoi-son-retour-au-servette-fc-pose-soudain-probleme","status":"publish","type":"post","link":"https:\/\/www.europesays.com\/ch-fr\/292424\/","title":{"rendered":"Kutesa: pourquoi son retour au Servette FC pose soudain probl\u00e8me"},"content":{"rendered":"\n<p> Abo       \u2013   <\/p>\n<p> Pourquoi le retour de Kutesa \u00e0 Servette pose subitement probl\u00e8me <\/p>\n<p class=\"lead regular externalicon-big astro-odojtzmo\"> Le Genevois est venu d\u2019Ath\u00e8nes pour signer un contrat. Mais durant la journ\u00e9e de jeudi, tout s\u2019est crisp\u00e9. Sion est sur les rangs. Explications.  <\/p>\n<p>   <img loading=\"lazy\" decoding=\"async\" src=\"https:\/\/www.europesays.com\/ch-fr\/wp-content\/uploads\/2026\/09\/1788572972_60_4POozJqqahq8w-L15z3Gzt.jpg\"  width=\"100\" height=\"100\"  alt=\"Daniel Visentini\" class=\"AuthorImage -content-head authorimage astro-ivm7rlur astro-uymtm5hg\" style=\"background-color:#7C7C7C\"\/>         Publi\u00e9: 04.09.2026, 16h26                            LinkedIn Lien copi\u00e9 Error occurred        Facebook Lien copi\u00e9 Error occurred        X Lien copi\u00e9 Error occurred           E-mail Lien copi\u00e9 Error occurred        Copier le lien Lien copi\u00e9 Error occurred              <\/p>\n","protected":false},"excerpt":{"rendered":"Abo \u2013 Pourquoi le retour de Kutesa \u00e0 Servette pose subitement probl\u00e8me Le Genevois est venu d\u2019Ath\u00e8nes pour&hellip;\n","protected":false},"author":2,"featured_media":292425,"comment_status":"","ping_status":"","sticky":false,"template":"","format":"standard","meta":{"footnotes":"","_share_on_mastodon":"0"},"categories":[17],"tags":[11335,170,169,37,23],"class_list":["post-292424","post","type-post","status-publish","format-standard","has-post-thumbnail","category-geneve","tag-depth","tag-geneva","tag-geneve","tag-stats-seo","tag-suisse"],"share_on_mastodon":{"url":"https:\/\/pubeurope.com\/@ch_fr\/117215924654763785","error":""},"_links":{"self":[{"href":"https:\/\/www.europesays.com\/ch-fr\/wp-json\/wp\/v2\/posts\/292424","targetHints":{"allow":["GET"]}}],"collection":[{"href":"https:\/\/www.europesays.com\/ch-fr\/wp-json\/wp\/v2\/posts"}],"about":[{"href":"https:\/\/www.europesays.com\/ch-fr\/wp-json\/wp\/v2\/types\/post"}],"author":[{"embeddable":true,"href":"https:\/\/www.europesays.com\/ch-fr\/wp-json\/wp\/v2\/users\/2"}],"replies":[{"embeddable":true,"href":"https:\/\/www.europesays.com\/ch-fr\/wp-json\/wp\/v2\/comments?post=292424"}],"version-history":[{"count":0,"href":"https:\/\/www.europesays.com\/ch-fr\/wp-json\/wp\/v2\/posts\/292424\/revisions"}],"wp:featuredmedia":[{"embeddable":true,"href":"https:\/\/www.europesays.com\/ch-fr\/wp-json\/wp\/v2\/media\/292425"}],"wp:attachment":[{"href":"https:\/\/www.europesays.com\/ch-fr\/wp-json\/wp\/v2\/media?parent=292424"}],"wp:term":[{"taxonomy":"category","embeddable":true,"href":"https:\/\/www.europesays.com\/ch-fr\/wp-json\/wp\/v2\/categories?post=292424"},{"taxonomy":"post_tag","embeddable":true,"href":"https:\/\/www.europesays.com\/ch-fr\/wp-json\/wp\/v2\/tags?post=292424"}],"curies":[{"name":"wp","href":"https:\/\/api.w.org\/{rel}","templated":true}]}}