{"id":292430,"date":"2026-09-05T01:56:39","date_gmt":"2026-09-05T01:56:39","guid":{"rendered":"https:\/\/www.europesays.com\/ch-fr\/292430\/"},"modified":"2026-09-05T01:56:39","modified_gmt":"2026-09-05T01:56:39","slug":"la-fashion-week-de-new-york-mise-sur-le-renouveau-des-marques-americaines-historiques-03-09-2026-a-2000","status":"publish","type":"post","link":"https:\/\/www.europesays.com\/ch-fr\/292430\/","title":{"rendered":"La Fashion Week de New York mise sur le renouveau des marques am\u00e9ricaines historiques &#8211; 03\/09\/2026 \u00e0 20:00"},"content":{"rendered":"<p>\n ((Traduction automatis\u00e9e par Reuters \u00e0 l&rsquo;aide de l&rsquo;apprentissage<br \/>\nautomatique et de l&rsquo;IA g\u00e9n\u00e9rative, veuillez vous r\u00e9f\u00e9rer \u00e0<br \/>\nl&rsquo;avertissement suivant: https:\/\/bit.ly\/rtrsauto))\n<\/p>\n<p>\n par Alicia Powell et Danielle Kaye\n<\/p>\n<p>\n La Fashion Week de New York<br \/>\nd\u00e9bute la semaine prochaine avec une s\u00e9lection de marques<br \/>\nam\u00e9ricaines de tradition qui ont r\u00e9ussi \u00e0 s\u00e9duire les jeunes<br \/>\nconsommateurs de la g\u00e9n\u00e9ration Z, malgr\u00e9 les difficult\u00e9s<br \/>\ng\u00e9n\u00e9rales rencontr\u00e9es par le secteur mondial du luxe.\n<\/p>\n<p>\n Cet \u00e9v\u00e9nement tr\u00e8s attendu d\u00e9butera mercredi \u2014 \u00e0 la veille<br \/>\nde l\u2019ouverture officielle \u2014 avec les d\u00e9fil\u00e9s de Ralph Lauren\n<\/p>\n<p>\n <a href=\"https:\/\/www.boursorama.com\/cours\/RL\/\" title=\"RALPH LAUREN RG-A\" rel=\"nofollow noopener\" target=\"_blank\"><br \/>\n  RL.N<br \/>\n <\/a><br \/>\n et Coach<br \/>\n <a href=\"https:\/\/www.boursorama.com\/cours\/TPR\/\" title=\"TAPESTRY\" rel=\"nofollow noopener\" target=\"_blank\"><br \/>\n  TPR.N<br \/>\n <\/a><br \/>\n , deux marques qui ont connu une forte<br \/>\ncroissance ces derniers mois. Les jeunes consommateurs<br \/>\nd\u2019Asie et d\u2019Am\u00e9rique du Nord se sont tourn\u00e9s aussi bien vers les<br \/>\npulls en maille torsad\u00e9e et les polos revisit\u00e9s de Ralph Lauren<br \/>\nque vers les sacs Tabby de Coach.\n<\/p>\n<p>\n Tommy Hilfiger<br \/>\n <a href=\"https:\/\/www.boursorama.com\/cours\/PVH\/\" title=\"PVH\" rel=\"nofollow noopener\" target=\"_blank\"><br \/>\n  PVH.N<br \/>\n <\/a><br \/>\n , \u00e9galement associ\u00e9 \u00e0 l\u2019h\u00e9ritage \u00ab<br \/>\nAmericana \u00bb, met fin \u00e0 son absence de l\u2019\u00e9v\u00e9nement et fait son<br \/>\nretour sur les podiums apr\u00e8s avoir lanc\u00e9 une collaboration avec<br \/>\nla star de la NFL Travis Kelce.\n<\/p>\n<p>\n \u201cLe retour de Tommy Hilfiger vient enrichir \u00e0 merveille les<br \/>\nmarques am\u00e9ricaines traditionnelles qui sont pr\u00e9sentes ici et<br \/>\nqui sont toujours en activit\u00e9\u201d, a d\u00e9clar\u00e9 Tori L\u00f3pez, r\u00e9dactrice<br \/>\nen chef de la rubrique mode du magazine W. \u201cC\u2019est un retour qui<br \/>\ns\u2019int\u00e8gre parfaitement dans cette famille.\u201d\n<\/p>\n<p>\n Pour autant, la demande en v\u00eatements haut de gamme<br \/>\nam\u00e9ricains reste in\u00e9gale. Michael Kors<br \/>\n <a href=\"https:\/\/www.boursorama.com\/cours\/CPRI\/\" title=\"CAPRI HLDG\" rel=\"nofollow noopener\" target=\"_blank\"><br \/>\n  CPRI.N<br \/>\n <\/a><br \/>\n , qui organise<br \/>\n\u00e9galement un d\u00e9fil\u00e9, a d\u00fb faire face \u00e0 des ventes en berne<br \/>\n ces derni\u00e8res ann\u00e9es.\n<\/p>\n<p>\n La guerre au Moyen-Orient  a affect\u00e9 le tourisme en<br \/>\nEurope , pesant sur l\u2019ensemble du secteur du luxe. La<br \/>\ncroissance aux \u00c9tats-Unis,  \u200cport\u00e9e par les marques<br \/>\nlocales et les d\u00e9penses des jeunes consommateurs, compense en<br \/>\npartie  le ralentissement observ\u00e9 au Moyen-Orient et en<br \/>\nEurope, a indiqu\u00e9 cet \u00e9t\u00e9 le cabinet de conseil Bain &amp; Company.\n<\/p>\n<p>\n Le cr\u00e9ateur Henry Zankov donnera officiellement le coup<br \/>\nd\u2019envoi de la Fashion Week de New York jeudi avec sa toute<br \/>\npremi\u00e8re collection pour Diane von Furstenberg, tandis que Thom<br \/>\nBrowne cl\u00f4turera l\u2019\u00e9v\u00e9nement, qui se tiendra jusqu\u2019au 15<br \/>\nseptembre.\n<\/p>\n<p>\n Parmi les quelque 70 d\u00e9fil\u00e9s et pr\u00e9sentations de cr\u00e9ateurs<br \/>\nfigurent \u00e9galement des marques \u00e9tablies telles qu&rsquo; , Carolina<br \/>\nHerrera, Christian Siriano et Calvin Klein. Le cr\u00e9ateur<br \/>\nlondonien Conner Ives, originaire de New York et qui a habill\u00e9<br \/>\ndes c\u00e9l\u00e9brit\u00e9s pour le Met Gala, fera ses d\u00e9buts \u00e0 la Semaine de<br \/>\nla mode de New York.<\/p>\n","protected":false},"excerpt":{"rendered":"((Traduction automatis\u00e9e par Reuters \u00e0 l&rsquo;aide de l&rsquo;apprentissage automatique et de l&rsquo;IA g\u00e9n\u00e9rative, veuillez vous r\u00e9f\u00e9rer \u00e0 l&rsquo;avertissement&hellip;\n","protected":false},"author":2,"featured_media":292431,"comment_status":"","ping_status":"","sticky":false,"template":"","format":"standard","meta":{"footnotes":"","_share_on_mastodon":"0"},"categories":[10],"tags":[48,46,56,53,113,112,51,50,47,52,49,23,54,55],"class_list":["post-292430","post","type-post","status-publish","format-standard","has-post-thumbnail","category-divertissement","tag-action-cac-40","tag-bourse-de-paris","tag-boursorama","tag-cotations","tag-divertissement","tag-entertainment","tag-indices-devises","tag-investir","tag-investissement","tag-marche-boursier","tag-sicav","tag-suisse","tag-trackers","tag-warrants"],"share_on_mastodon":{"url":"https:\/\/pubeurope.com\/@ch_fr\/117215951786429275","error":""},"_links":{"self":[{"href":"https:\/\/www.europesays.com\/ch-fr\/wp-json\/wp\/v2\/posts\/292430","targetHints":{"allow":["GET"]}}],"collection":[{"href":"https:\/\/www.europesays.com\/ch-fr\/wp-json\/wp\/v2\/posts"}],"about":[{"href":"https:\/\/www.europesays.com\/ch-fr\/wp-json\/wp\/v2\/types\/post"}],"author":[{"embeddable":true,"href":"https:\/\/www.europesays.com\/ch-fr\/wp-json\/wp\/v2\/users\/2"}],"replies":[{"embeddable":true,"href":"https:\/\/www.europesays.com\/ch-fr\/wp-json\/wp\/v2\/comments?post=292430"}],"version-history":[{"count":0,"href":"https:\/\/www.europesays.com\/ch-fr\/wp-json\/wp\/v2\/posts\/292430\/revisions"}],"wp:featuredmedia":[{"embeddable":true,"href":"https:\/\/www.europesays.com\/ch-fr\/wp-json\/wp\/v2\/media\/292431"}],"wp:attachment":[{"href":"https:\/\/www.europesays.com\/ch-fr\/wp-json\/wp\/v2\/media?parent=292430"}],"wp:term":[{"taxonomy":"category","embeddable":true,"href":"https:\/\/www.europesays.com\/ch-fr\/wp-json\/wp\/v2\/categories?post=292430"},{"taxonomy":"post_tag","embeddable":true,"href":"https:\/\/www.europesays.com\/ch-fr\/wp-json\/wp\/v2\/tags?post=292430"}],"curies":[{"name":"wp","href":"https:\/\/api.w.org\/{rel}","templated":true}]}}