{"id":292450,"date":"2026-09-05T02:40:41","date_gmt":"2026-09-05T02:40:41","guid":{"rendered":"https:\/\/www.europesays.com\/ch-fr\/292450\/"},"modified":"2026-09-05T02:40:41","modified_gmt":"2026-09-05T02:40:41","slug":"gruyere-la-secheresse-force-a-importer-du-foin-francais","status":"publish","type":"post","link":"https:\/\/www.europesays.com\/ch-fr\/292450\/","title":{"rendered":"Gruy\u00e8re: la s\u00e9cheresse force \u00e0 importer du foin fran\u00e7ais"},"content":{"rendered":"\n<p>        \u2013   <\/p>\n<p> La s\u00e9cheresse force les producteurs de gruy\u00e8re AOP \u00e0 importer du foin fran\u00e7ais <\/p>\n<p class=\"lead regular externalicon-big astro-odojtzmo\"> Les pr\u00e9s des agriculteurs fribourgeois ont particuli\u00e8rement souffert cet \u00e9t\u00e9. L\u2019interprofession n\u2019exclut pas d\u2019adapter les exigences du cahier des charges.  <\/p>\n<p>   <img loading=\"lazy\" decoding=\"async\" src=\"https:\/\/www.europesays.com\/ch-fr\/wp-content\/uploads\/2026\/09\/1788576040_102_F2qXE9C14_591b2wcyHmGS.jpg\"  width=\"100\" height=\"100\"  alt=\"Salom\u00e9 Philipp\" class=\"AuthorImage -content-head authorimage astro-ivm7rlur astro-uymtm5hg\" style=\"background-color:#808080\"\/>         Publi\u00e9: 03.09.2026, 10h16                           LinkedIn Lien copi\u00e9 Error occurred        Facebook Lien copi\u00e9 Error occurred        X Lien copi\u00e9 Error occurred           E-mail Lien copi\u00e9 Error occurred        Copier le lien Lien copi\u00e9 Error occurred                    <img decoding=\"async\" loading=\"eager\" fetchpriority=\"high\" src=\"https:\/\/www.europesays.com\/ch-fr\/wp-content\/uploads\/2026\/09\/ANulvpMP4yp8RIrCU8h2O2.jpg\" data-image-url=\"https:\/\/www.europesays.com\/ch-fr\/wp-content\/uploads\/2026\/09\/ANulvpMP4yp8RIrCU8h2O2.jpg\" alt=\"Un \u00e9leveur distribue du fourrage \u00e0 ses vaches \u00e0 l\u2019\u00e9table, les bovins se nourrissant depuis une auge remplie de foin.\" title=\"Un \u00e9leveur distribue du fourrage \u00e0 ses vaches \u00e0 l\u2019\u00e9table, les bovins se nourrissant depuis une auge remplie de foin.\" class=\"ResponsiveImage responsive-image astro-xbt4piv4\" style=\"background-color:#9EA498\" onload=\"this.style.backgroundColor = &quot;transparent&quot;\"\/>           <\/p>\n<p>Faute de fourrage suisse suffisant, certains producteurs de gruy\u00e8re AOP ont d\u00fb se r\u00e9soudre \u00e0 acheter du foin \u00e0 l\u2019\u00e9tranger (image d\u2019illustration).<\/p>\n<p>imago\/Belga<\/p>\n<p class=\"astro-gkn4pfbc articleParagraph externalicon-big focus _content-width article-element astro-bqhs6jcx\">Faute de fourrage suisse suffisant, certains producteurs de <a class=\" astro-bqhs6jcx\" target=\"_blank\" rel=\"noopener noreferrer nofollow\" href=\"https:\/\/www.gruyere.com\/de\/homepage?mtm_source=google&amp;mtm_medium=cpc&amp;mtm_campaign=dtn-sea&amp;mtm_cid=GRUCH25&amp;mtm_content=de-brand&amp;mtm_source=google&amp;mtm_medium=cpc&amp;mtm_campaign=S_de_DTN_SEA_DE_BR_Brand&amp;mtm_kwd=aop%20gruyere&amp;gad_source=1&amp;gad_campaignid=20183200498&amp;gbraid=0AAAAACHf275PGdDGT6-m4AkGLg0tTEvfm&amp;gclid=Cj0KCQjwkt_UBhDMARIsALpnOAwutNJZj3Ego_q-P_X3rAUInMHhyoxpHNfSDalQiBmhpJD7zOwnyQoaAvtJEALw_wcB\" data-article-link=\"https:\/\/www.gruyere.com\/de\/homepage?mtm_source=google&amp;mtm_medium=cpc&amp;mtm_campaign=dtn-sea&amp;mtm_cid=GRUCH25&amp;mtm_content=de-brand&amp;mtm_source=google&amp;mtm_medium=cpc&amp;mtm_campaign=S_de_DTN_SEA_DE_BR_Brand&amp;mtm_kwd=aop%20gruyere&amp;gad_source=1&amp;gad_campaignid=20183200498&amp;gbraid=0AAAAACHf275PGdDGT6-m4AkGLg0tTEvfm&amp;gclid=Cj0KCQjwkt_UBhDMARIsALpnOAwutNJZj3Ego_q-P_X3rAUInMHhyoxpHNfSDalQiBmhpJD7zOwnyQoaAvtJEALw_wcB\">gruy\u00e8re AOP<\/a> ont d\u00fb se r\u00e9soudre \u00e0 acheter du foin \u00e0 l\u2019\u00e9tranger. C\u2019est ce que r\u00e9v\u00e8le un reportage de la <a class=\" astro-bqhs6jcx\" target=\"_blank\" rel=\"noopener noreferrer nofollow\" href=\"https:\/\/www.rts.ch\/info\/environnement\/2026\/article\/secheresse-le-manque-de-fourrage-menace-les-produits-aop-29344690.html\" data-article-link=\"https:\/\/www.rts.ch\/info\/environnement\/2026\/article\/secheresse-le-manque-de-fourrage-menace-les-produits-aop-29344690.html\">RTS<\/a> r\u00e9alis\u00e9 dans le canton de Fribourg et diffus\u00e9 mardi.<\/p>\n<p class=\"astro-gkn4pfbc articleParagraph externalicon-big focus _content-width article-element astro-bqhs6jcx\">\u00c0 \u00c9cuvillens, la s\u00e9cheresse estivale a laiss\u00e9 les pr\u00e9s \u00e0 sec. L\u2019<a class=\"noExternalIcon astro-bqhs6jcx\" target=\"_self\" href=\"https:\/\/www.24heures.ch\/agriculture-14-milliards-pour-aider-les-paysans-suffisant-120323008483\" data-article-link=\"https:\/\/www.24heures.ch\/agriculture-14-milliards-pour-aider-les-paysans-suffisant-120323008483\" rel=\"nofollow noopener\">agriculteur<\/a> fribourgeois Alexandre Galley a d\u00fb se rabattre sur deux camions de foin fran\u00e7ais, pour un co\u00fbt de 25\u2019000\u00a0francs, afin de nourrir ses vaches cet hiver. Probl\u00e8me: leur lait sert \u00e0 produire du gruy\u00e8re AOP, un label qui impose que 70% au moins du fourrage provienne de l\u2019exploitation elle-m\u00eame.<\/p>\n<p>  Faut-il assouplir le label gruy\u00e8re AOP?<\/p>\n<p class=\"astro-gkn4pfbc articleParagraph externalicon-big focus _content-width article-element astro-bqhs6jcx\">\u00abCe n\u2019est pas le but d\u2019importer du fourrage pour produire du gruy\u00e8re suisse\u00bb, a affirm\u00e9 l\u2019agriculteur \u00e0 nos confr\u00e8res, en pr\u00e9cisant qu\u2019en temps normal, l\u2019autonomie fourrag\u00e8re reste la r\u00e8gle.<\/p>\n<p class=\"astro-gkn4pfbc articleParagraph externalicon-big focus _content-width article-element astro-bqhs6jcx\">La marge de man\u0153uvre existe \u2013 l\u2019apport ext\u00e9rieur est tol\u00e9r\u00e9 jusqu\u2019\u00e0 30% et ce taux peut m\u00eame \u00eatre \u00e9tal\u00e9 sur plusieurs ann\u00e9es \u2013 mais elle a ses limites. Si les <a class=\"noExternalIcon astro-bqhs6jcx\" target=\"_self\" href=\"https:\/\/www.24heures.ch\/secheresse-les-agriculteurs-suisses-au-bord-du-gouffre-859955602357\" data-article-link=\"https:\/\/www.24heures.ch\/secheresse-les-agriculteurs-suisses-au-bord-du-gouffre-859955602357\" rel=\"nofollow noopener\">s\u00e9cheresses<\/a> venaient \u00e0 se r\u00e9p\u00e9ter, Olivier Isler, directeur de l\u2019interprofession du Gruy\u00e8re, a pr\u00e9venu qu\u2019\u00abil faudrait envisager une adaptation des exigences du cahier des charges pour ne pas p\u00e9naliser les producteurs, tout en ne remettant pas en cause la qualit\u00e9 de ce produit\u00bb, selon des propos rapport\u00e9s par la RTS.<\/p>\n<p class=\"infoboxtext astro-sovjcc3x astro-bqhs6jcx\">Qu\u2019est-ce qui vous interpelle dans votre r\u00e9gion? Connaissez-vous une personne au parcours inspirant, un projet int\u00e9ressant, une situation probl\u00e9matique ou un sujet qui, selon vous, m\u00e9riterait d\u2019\u00eatre trait\u00e9? Nous nous r\u00e9jouissons de recevoir vos t\u00e9moignages, vos id\u00e9es et vos suggestions. Tous les signalements ne donneront pas lieu \u00e0 un article, mais chacun contribuera \u00e0 nourrir notre travail journalistique et \u00e0 nous rapprocher des pr\u00e9occupations des habitantes et des habitants de notre r\u00e9gion.<\/p>\n<p class=\"infoboxtext astro-sovjcc3x astro-bqhs6jcx\">\u00c9crivez-nous un e-mail avec la mention \u00abId\u00e9es\u00bb en objet \u00e0 l\u2019adresse suivante: <a class=\" astro-bqhs6jcx\" target=\"_self\" href=\"https:\/\/www.24heures.ch\/mailto:redaction_wch@tamedia.ch\" data-article-link=\"https:\/\/www.24heures.ch\/mailto:redaction_wch@tamedia.ch\" rel=\"nofollow noopener\">redaction_wch@tamedia.ch<\/a><\/p>\n<p class=\"boxtitle astro-hwrdf5ss astro-bqhs6jcx\">Plus d\u2019articles sur le gruy\u00e8re<\/p>\n<p>      Newsletter    <\/p>\n<p>\u00abLa semaine fribourgeoise\u00bb<\/p>\n<p> D\u00e9couvrez l\u2019essentiel de l\u2019actualit\u00e9 du canton de Fribourg, chaque vendredi. <\/p>\n<p class=\"astro-2yzsvld2\"> <a class=\"more astro-2yzsvld2\" href=\"https:\/\/www.24heures.ch\/nos-newsletters\" rel=\"nofollow noopener\" target=\"_blank\"> Autres newsletters <\/a> <\/p>\n<p>       Se connecter       <\/p>\n","protected":false},"excerpt":{"rendered":"\u2013 La s\u00e9cheresse force les producteurs de gruy\u00e8re AOP \u00e0 importer du foin fran\u00e7ais Les pr\u00e9s des agriculteurs&hellip;\n","protected":false},"author":2,"featured_media":292451,"comment_status":"","ping_status":"","sticky":false,"template":"","format":"standard","meta":{"footnotes":"","_share_on_mastodon":"0"},"categories":[5],"tags":[195,11309,40,37,194,41,42],"class_list":["post-292450","post","type-post","status-publish","format-standard","has-post-thumbnail","category-international","tag-content-en-continu","tag-facts","tag-international","tag-stats-seo","tag-stats-seo-trends","tag-world","tag-world-news"],"share_on_mastodon":{"url":"https:\/\/pubeurope.com\/@ch_fr\/117216125209175850","error":""},"_links":{"self":[{"href":"https:\/\/www.europesays.com\/ch-fr\/wp-json\/wp\/v2\/posts\/292450","targetHints":{"allow":["GET"]}}],"collection":[{"href":"https:\/\/www.europesays.com\/ch-fr\/wp-json\/wp\/v2\/posts"}],"about":[{"href":"https:\/\/www.europesays.com\/ch-fr\/wp-json\/wp\/v2\/types\/post"}],"author":[{"embeddable":true,"href":"https:\/\/www.europesays.com\/ch-fr\/wp-json\/wp\/v2\/users\/2"}],"replies":[{"embeddable":true,"href":"https:\/\/www.europesays.com\/ch-fr\/wp-json\/wp\/v2\/comments?post=292450"}],"version-history":[{"count":0,"href":"https:\/\/www.europesays.com\/ch-fr\/wp-json\/wp\/v2\/posts\/292450\/revisions"}],"wp:featuredmedia":[{"embeddable":true,"href":"https:\/\/www.europesays.com\/ch-fr\/wp-json\/wp\/v2\/media\/292451"}],"wp:attachment":[{"href":"https:\/\/www.europesays.com\/ch-fr\/wp-json\/wp\/v2\/media?parent=292450"}],"wp:term":[{"taxonomy":"category","embeddable":true,"href":"https:\/\/www.europesays.com\/ch-fr\/wp-json\/wp\/v2\/categories?post=292450"},{"taxonomy":"post_tag","embeddable":true,"href":"https:\/\/www.europesays.com\/ch-fr\/wp-json\/wp\/v2\/tags?post=292450"}],"curies":[{"name":"wp","href":"https:\/\/api.w.org\/{rel}","templated":true}]}}