{"id":292452,"date":"2026-09-05T02:42:19","date_gmt":"2026-09-05T02:42:19","guid":{"rendered":"https:\/\/www.europesays.com\/ch-fr\/292452\/"},"modified":"2026-09-05T02:42:19","modified_gmt":"2026-09-05T02:42:19","slug":"incendie-a-lugnez-republique-et-canton-du-jura","status":"publish","type":"post","link":"https:\/\/www.europesays.com\/ch-fr\/292452\/","title":{"rendered":"Incendie \u00e0 Lugnez &#8211; R\u00e9publique et Canton du Jura"},"content":{"rendered":"<p>Date : 04.09.2026 10:54:00 <\/p>\n<p>Ce vendredi matin, aux alentours de 5h00, la centrale d\u2019alarme des pompiers a \u00e9t\u00e9 inform\u00e9e d\u2019un incendie \u00e0 Lugnez.<\/p>\n<p>\u00c0 l\u2019arriv\u00e9e des secours, une grange ainsi qu\u2019une maison d\u2019habitation et ses annexes \u00e9taient en proie aux flammes.<\/p>\n<p>Pr\u00e8s d\u2019une cinquantaine de sapeurs-pompiers du SIS Vendline et du CR Porrentruy sont intervenus afin de ma\u00eetriser le sinistre. Plusieurs patrouilles de la gendarmerie ainsi que des agents de la police judiciaire se sont \u00e9galement rendus sur place. L\u2019intervention a \u00e9galement n\u00e9cessit\u00e9 la pr\u00e9sence d\u2019une ambulance et d\u2019un inspecteur du Service de l\u2019environnement notamment.<\/p>\n<p>Les habitants des b\u00e2timents concern\u00e9s ont pu \u00eatre \u00e9vacu\u00e9s rapidement et aucun bless\u00e9 n\u2019est \u00e0 d\u00e9plorer.<\/p>\n<p>Pour les besoins de l\u2019intervention, la route principale a \u00e9t\u00e9 ferm\u00e9e \u00e0 la circulation.<\/p>\n<p>Une enqu\u00eate est en cours afin de d\u00e9terminer les circonstances et les causes de cet incendie.<\/p>\n<p>\t<a href=\"https:\/\/www.jura.ch\/fr\/Autorites\/Administration\/DSJP\/POC\/Medias\/Communiques-de-presse-de-la-Police.html\" class=\"btn\" rel=\"nofollow noopener\" target=\"_blank\">\u00ab\u00a0\u00a0Retour<\/a>\t<\/p>\n","protected":false},"excerpt":{"rendered":"Date : 04.09.2026 10:54:00 Ce vendredi matin, aux alentours de 5h00, la centrale d\u2019alarme des pompiers a \u00e9t\u00e9&hellip;\n","protected":false},"author":2,"featured_media":292453,"comment_status":"","ping_status":"","sticky":false,"template":"","format":"standard","meta":{"footnotes":"","_share_on_mastodon":"0"},"categories":[4],"tags":[3779,3798,3780,3792,22,3778,3788,3797,121,3775,3794,119,3784,3787,122,3785,3795,118,3781,21,120,3786,3793,3789,3782,3776,3777,3783,23,3796,3791,3790],"class_list":["post-292452","post","type-post","status-publish","format-standard","has-post-thumbnail","category-actualites","tag-3779","tag-23-giugno","tag-23-juin","tag-23rd-of-june","tag-actualites","tag-administration","tag-administrazion","tag-adminitrazione","tag-ajoie","tag-canton","tag-cantone","tag-delemont","tag-delsberg","tag-doubs","tag-franches-montagnes","tag-freiberge","tag-giura","tag-jura","tag-kanton","tag-news","tag-porrentruy","tag-pruntrut","tag-repubblica-e-canton-giura","tag-republic","tag-republik-und-kanton-jura","tag-republique-et-canton","tag-saint-ursanne","tag-schweiz","tag-suisse","tag-svizzera","tag-switzerland","tag-website"],"share_on_mastodon":{"url":"https:\/\/pubeurope.com\/@ch_fr\/117216132850310547","error":""},"_links":{"self":[{"href":"https:\/\/www.europesays.com\/ch-fr\/wp-json\/wp\/v2\/posts\/292452","targetHints":{"allow":["GET"]}}],"collection":[{"href":"https:\/\/www.europesays.com\/ch-fr\/wp-json\/wp\/v2\/posts"}],"about":[{"href":"https:\/\/www.europesays.com\/ch-fr\/wp-json\/wp\/v2\/types\/post"}],"author":[{"embeddable":true,"href":"https:\/\/www.europesays.com\/ch-fr\/wp-json\/wp\/v2\/users\/2"}],"replies":[{"embeddable":true,"href":"https:\/\/www.europesays.com\/ch-fr\/wp-json\/wp\/v2\/comments?post=292452"}],"version-history":[{"count":0,"href":"https:\/\/www.europesays.com\/ch-fr\/wp-json\/wp\/v2\/posts\/292452\/revisions"}],"wp:featuredmedia":[{"embeddable":true,"href":"https:\/\/www.europesays.com\/ch-fr\/wp-json\/wp\/v2\/media\/292453"}],"wp:attachment":[{"href":"https:\/\/www.europesays.com\/ch-fr\/wp-json\/wp\/v2\/media?parent=292452"}],"wp:term":[{"taxonomy":"category","embeddable":true,"href":"https:\/\/www.europesays.com\/ch-fr\/wp-json\/wp\/v2\/categories?post=292452"},{"taxonomy":"post_tag","embeddable":true,"href":"https:\/\/www.europesays.com\/ch-fr\/wp-json\/wp\/v2\/tags?post=292452"}],"curies":[{"name":"wp","href":"https:\/\/api.w.org\/{rel}","templated":true}]}}