{"id":292460,"date":"2026-09-05T02:55:12","date_gmt":"2026-09-05T02:55:12","guid":{"rendered":"https:\/\/www.europesays.com\/ch-fr\/292460\/"},"modified":"2026-09-05T02:55:12","modified_gmt":"2026-09-05T02:55:12","slug":"sabalenka-solide-pour-rallier-les-8es-de-lus-open","status":"publish","type":"post","link":"https:\/\/www.europesays.com\/ch-fr\/292460\/","title":{"rendered":"Sabalenka solide pour rallier les 8es de l&rsquo;US Open"},"content":{"rendered":"<p class=\"wysiwyg-h2\">La no 1 mondiale Aryna Sabalenka a livr\u00e9 vendredi un match s\u00e9rieux pour rejoindre les 8es de finale de l&rsquo;US Open \u00e0 New York. Elle a battu l&rsquo;Ouzb\u00e8ke Kamilla Rakhimova 6-3 6-4.<\/p>\n<p>La B\u00e9larusse de 28 ans a sign\u00e9 une entame de match id\u00e9ale, breakant son adversaire d\u00e8s son premier jeu de service tout en \u00e9tant imprenable sur son propre engagement: Sabalenka n&rsquo;a en effet pas rat\u00e9 le moindre premier service avant le septi\u00e8me jeu du match.<\/p>\n<p>Apr\u00e8s une premi\u00e8re manche logiquement empoch\u00e9e par la patronne du circuit en 35 minutes, le duel est devenu plus serr\u00e9 dans le deuxi\u00e8me acte.<\/p>\n<p>Si elle a manqu\u00e9 ses quatre premi\u00e8res balles du set, la quadruple laur\u00e9ate de tournois majeurs a finalement converti la cinqui\u00e8me \u00e0 4-4 et n&rsquo;a plus eu ensuite qu&rsquo;\u00e0 conclure la partie sur son service, sans avoir conc\u00e9d\u00e9 aucune balle de break en une heure et demie de match.<\/p>\n<p>La no 1 mondiale, qui doit gagner le titre \u00e0 New York pour esp\u00e9rer conserver son tr\u00f4ne, affrontera au prochain tour l&rsquo;Am\u00e9ricaine Taylor Townsend (WTA 96) ou la 16e mondiale Diana Shnaider. D\u00e9but juin, la Russe avait \u00e9limin\u00e9 Sabalenka en quarts de finale de Roland-Garros, lui infligeant m\u00eame un cinglant 6-0 au troisi\u00e8me set.<\/p>\n<p> \/ATS<\/p>\n","protected":false},"excerpt":{"rendered":"La no 1 mondiale Aryna Sabalenka a livr\u00e9 vendredi un match s\u00e9rieux pour rejoindre les 8es de finale&hellip;\n","protected":false},"author":2,"featured_media":292461,"comment_status":"","ping_status":"","sticky":false,"template":"","format":"standard","meta":{"footnotes":"","_share_on_mastodon":"0"},"categories":[8],"tags":[121,124,128,119,122,123,118,136,132,131,133,130,135,120,126,117,125,114,115,116,75,23,129,127,134],"class_list":["post-292460","post","type-post","status-publish","format-standard","has-post-thumbnail","category-sports","tag-ajoie","tag-animation","tag-bienne","tag-delemont","tag-franches-montagnes","tag-frequence","tag-jura","tag-jura-bernois","tag-la-chaux-de-fonds","tag-moutier","tag-neuchatel","tag-neuveville","tag-payerne","tag-porrentruy","tag-publicite","tag-radio","tag-redaction","tag-rfj","tag-rjb","tag-rtn","tag-sports","tag-suisse","tag-tavannes","tag-vallon-de-st-imier","tag-yverdon"],"share_on_mastodon":{"url":"https:\/\/pubeurope.com\/@ch_fr\/117216184009825050","error":""},"_links":{"self":[{"href":"https:\/\/www.europesays.com\/ch-fr\/wp-json\/wp\/v2\/posts\/292460","targetHints":{"allow":["GET"]}}],"collection":[{"href":"https:\/\/www.europesays.com\/ch-fr\/wp-json\/wp\/v2\/posts"}],"about":[{"href":"https:\/\/www.europesays.com\/ch-fr\/wp-json\/wp\/v2\/types\/post"}],"author":[{"embeddable":true,"href":"https:\/\/www.europesays.com\/ch-fr\/wp-json\/wp\/v2\/users\/2"}],"replies":[{"embeddable":true,"href":"https:\/\/www.europesays.com\/ch-fr\/wp-json\/wp\/v2\/comments?post=292460"}],"version-history":[{"count":0,"href":"https:\/\/www.europesays.com\/ch-fr\/wp-json\/wp\/v2\/posts\/292460\/revisions"}],"wp:featuredmedia":[{"embeddable":true,"href":"https:\/\/www.europesays.com\/ch-fr\/wp-json\/wp\/v2\/media\/292461"}],"wp:attachment":[{"href":"https:\/\/www.europesays.com\/ch-fr\/wp-json\/wp\/v2\/media?parent=292460"}],"wp:term":[{"taxonomy":"category","embeddable":true,"href":"https:\/\/www.europesays.com\/ch-fr\/wp-json\/wp\/v2\/categories?post=292460"},{"taxonomy":"post_tag","embeddable":true,"href":"https:\/\/www.europesays.com\/ch-fr\/wp-json\/wp\/v2\/tags?post=292460"}],"curies":[{"name":"wp","href":"https:\/\/api.w.org\/{rel}","templated":true}]}}