{"id":292462,"date":"2026-09-05T02:56:11","date_gmt":"2026-09-05T02:56:11","guid":{"rendered":"https:\/\/www.europesays.com\/ch-fr\/292462\/"},"modified":"2026-09-05T02:56:11","modified_gmt":"2026-09-05T02:56:11","slug":"hisense-se-lache-et-devoile-un-systeme-home-cinema-11-2-6-avec-26-haut-parleurs-clubic","status":"publish","type":"post","link":"https:\/\/www.europesays.com\/ch-fr\/292462\/","title":{"rendered":"Hisense se l\u00e2che, et d\u00e9voile un syst\u00e8me home-cin\u00e9ma 11.2.6 avec 26 haut-parleurs &#8211; Clubic"},"content":{"rendered":"<p><a href=\"https:\/\/news.google.com\/rss\/articles\/CBMisgFBVV95cUxPMlJGcXJpV001bXVXc0t1eE9KRHJVQjd2SVRtS19ONmpoaVZQS3VVZmZ0NWZUb0dmWjRDR3RhMXJ5YXc4aGxmQ1dLM3ItSGhYcHVmeXhWY1pGQ3RZNXBTbUtHeUxveXd3V3Iwb0wtVjJOSl9OSFlGZV9reXlGTFQtUzRwMWZWVHVTdzIzY2QtTEVTTjZtMGYxLTJzZVZCZmlmSnpMQ2VmRUhGckg2YjVUcnJ3?oc=5\" target=\"_blank\" rel=\"nofollow noopener\">Hisense se l\u00e2che, et d\u00e9voile un syst\u00e8me home-cin\u00e9ma 11.2.6 avec 26 haut-parleurs<\/a>&nbsp;&nbsp;Clubic<a href=\"https:\/\/news.google.com\/rss\/articles\/CBMi3gFBVV95cUxQSnY0aV9wdW9DUEQzdTYxamtFaU5UUVgyMm1aU3luYnFwOVJNUG4zbTFOLW81cEdGd0FNM3h6TDFrdHBJYm9kV21QQXd5QklkdFZvN282b2M0ajgzby05SzRBek9aUlJGVUxBTVB5eFQxaEdUXzZ2RVphbE5GVzVIUEhxQVZETTdMYV92X0ZqOHc1OWVfNm55dTVVVzIxejlDak9GVzlhUVNuMVhKWHdCdlVYUDRNNHNQRWxSdnNWdGdXNktmSTdqYm5ZT0pDUDlPM3JLenhCWlU2X1NfbUE?oc=5\" target=\"_blank\" rel=\"nofollow noopener\">Hisense UX1 : le syst\u00e8me home cin\u00e9ma 11.2.6 qui veut faire trembler la r\u00e9f\u00e9rence de Samsung<\/a>&nbsp;&nbsp;Les Num\u00e9riques<a href=\"https:\/\/news.google.com\/rss\/articles\/CBMiwAFBVV95cUxPZ0ZLVE52ME9ZTGlrR0FMOTRZOXpQVjVWQmVCdjFCNG9JT2pnZGhEdnN4MmgyOXEwM3VrV0otUGN5MExRanVpWjVGUkJkVXMtcEwyenFMQjQ3MUZHN0UtWUlvN21oNlpZZFlndjdGdmdCa2cwRmp3aWRzRXhUV0JEUE9IVUZjNG1FNmI0MGRiNGRlWlJCenBoQUhKcVpRY0QzN3htSzhxQnVTdzI0NENnYjhFbnJ5aExDalB2WGZKQVQ?oc=5\" target=\"_blank\" rel=\"nofollow noopener\">26 haut-parleurs, 1 840 W : Hisense d\u00e9voile sa barre de son ultime taill\u00e9e pour le home cin\u00e9ma avec Devialet<\/a>&nbsp;&nbsp;Frandroid<a href=\"https:\/\/news.google.com\/rss\/articles\/CBMirwFBVV95cUxPeXB1bktIU3VOdnQ5LWdVSmhaZERCTktkLWt1WnNSMUNUWTY3bzdIcXlCR2JtcGhzOVI0eFpMOXloLXNFWHVwa2NkLWU4Z0txWWxpUXl3YjRCYzRhSmtISl8tVzlXeFoySEMtZUEtTHMxTTdOY2FGODAtTU1OTHN4TnBsdFZYV0tZbFhuRjVFTXZLd3BReE5PZHpPRWdlS0NBZXNfbkNLSFhwV240dG40?oc=5\" target=\"_blank\" rel=\"nofollow noopener\">IFA 26 &gt; Barre de son Hisense S5120Q\/QW : 5.1.2, 640 W, HDMI eARC et Tuned by Devialet<\/a>&nbsp;&nbsp;AVcesar<a href=\"https:\/\/news.google.com\/rss\/articles\/CBMizwFBVV95cUxNTlA3cEhoam9PdUhnQTctT3J3eWkxU2ljbXFZWVprQTVWeDl0NzNQUnRIeWFZRGVESEhnNzNaT3JVeFFLdGNHTjhlcVdMYmNwWm9ibUpoSzA3c2Qwa0xHdjVEbjdoZkVxOVV1Nzdidk5TZEl3bmVrM0UzWmNxMVNpdlowYWw2b3lHemVtZ3hEazhlcFZpcDM1NF9WYVF6YXBpQWlGdFhSUGNJZkQ2N0RDWjYxQWFuVEI4c3dtRDhFMnVkYk03RGNEMXRhdWpOQzA?oc=5\" target=\"_blank\" rel=\"nofollow noopener\">TCL Q95K : la marque chinoise s&rsquo;attaque au haut de gamme une barre de son avec Bang &amp; Olufsen<\/a>&nbsp;&nbsp;Frandroid<\/p>\n","protected":false},"excerpt":{"rendered":"Hisense se l\u00e2che, et d\u00e9voile un syst\u00e8me home-cin\u00e9ma 11.2.6 avec 26 haut-parleurs&nbsp;&nbsp;ClubicHisense UX1 : le syst\u00e8me home cin\u00e9ma&hellip;\n","protected":false},"author":2,"featured_media":292463,"comment_status":"","ping_status":"","sticky":false,"template":"","format":"standard","meta":{"footnotes":"","_share_on_mastodon":"0"},"categories":[7],"tags":[61,57,59,58,23,60,62],"class_list":["post-292462","post","type-post","status-publish","format-standard","has-post-thumbnail","category-sciences-et-technologies","tag-science","tag-science-and-technology","tag-sciences","tag-sciences-et-technologies","tag-suisse","tag-technologies","tag-technology"],"share_on_mastodon":{"url":"https:\/\/pubeurope.com\/@ch_fr\/117216187860693359","error":""},"_links":{"self":[{"href":"https:\/\/www.europesays.com\/ch-fr\/wp-json\/wp\/v2\/posts\/292462","targetHints":{"allow":["GET"]}}],"collection":[{"href":"https:\/\/www.europesays.com\/ch-fr\/wp-json\/wp\/v2\/posts"}],"about":[{"href":"https:\/\/www.europesays.com\/ch-fr\/wp-json\/wp\/v2\/types\/post"}],"author":[{"embeddable":true,"href":"https:\/\/www.europesays.com\/ch-fr\/wp-json\/wp\/v2\/users\/2"}],"replies":[{"embeddable":true,"href":"https:\/\/www.europesays.com\/ch-fr\/wp-json\/wp\/v2\/comments?post=292462"}],"version-history":[{"count":0,"href":"https:\/\/www.europesays.com\/ch-fr\/wp-json\/wp\/v2\/posts\/292462\/revisions"}],"wp:featuredmedia":[{"embeddable":true,"href":"https:\/\/www.europesays.com\/ch-fr\/wp-json\/wp\/v2\/media\/292463"}],"wp:attachment":[{"href":"https:\/\/www.europesays.com\/ch-fr\/wp-json\/wp\/v2\/media?parent=292462"}],"wp:term":[{"taxonomy":"category","embeddable":true,"href":"https:\/\/www.europesays.com\/ch-fr\/wp-json\/wp\/v2\/categories?post=292462"},{"taxonomy":"post_tag","embeddable":true,"href":"https:\/\/www.europesays.com\/ch-fr\/wp-json\/wp\/v2\/tags?post=292462"}],"curies":[{"name":"wp","href":"https:\/\/api.w.org\/{rel}","templated":true}]}}