{"id":292464,"date":"2026-09-05T03:00:16","date_gmt":"2026-09-05T03:00:16","guid":{"rendered":"https:\/\/www.europesays.com\/ch-fr\/292464\/"},"modified":"2026-09-05T03:00:16","modified_gmt":"2026-09-05T03:00:16","slug":"accident-de-la-circulation-appel-a-temoin","status":"publish","type":"post","link":"https:\/\/www.europesays.com\/ch-fr\/292464\/","title":{"rendered":"Accident de la circulation &#8211; appel \u00e0 t\u00e9moin"},"content":{"rendered":"<p>Date : 04.09.2026 17:25:00 <\/p>\n<p>Courrendlin<\/p>\n<p>Ce jour, vers 13h10, un accident de la circulation s&rsquo;est produit dans le village de Courrendlin, \u00e0 l&rsquo;arri\u00e8re du Bar Le Chalet, sur des places de stationnement. Un automobiliste, au volant d&rsquo;une voiture de tourisme de couleur noire, a effectu\u00e9 une marche arri\u00e8re afin de quitter sa place de parc. Lors de cette manoeuvre, un jeune enfant se d\u00e9pla\u00e7ait correctement sur la place, au guidon d&rsquo;une trottinette. Le jeune enfant a \u00e9t\u00e9 bouscul\u00e9 par l&rsquo;automobiliste et a chut\u00e9 au sol, engendrant de l\u00e9g\u00e8res blessures. A la suite de l&rsquo;accrochage, le conducteur effectuant la marche arri\u00e8re a poursuivi sa route dans une direction inconnue.<\/p>\n<p>\u00a0<\/p>\n<p>Le conducteur de la voiture de tourisme noire ainsi que toutes personnes pouvant fournir des informations compl\u00e9mentaires sont pri\u00e9s de contacter la police cantonale en appelant le 032\/4206565.<\/p>\n<p>\t<a href=\"https:\/\/www.jura.ch\/fr\/Autorites\/Administration\/DSJP\/POC\/Medias\/Communiques-de-presse-de-la-Police.html\" class=\"btn\" rel=\"nofollow noopener\" target=\"_blank\">\u00ab\u00a0\u00a0Retour<\/a>\t<\/p>\n","protected":false},"excerpt":{"rendered":"Date : 04.09.2026 17:25:00 Courrendlin Ce jour, vers 13h10, un accident de la circulation s&rsquo;est produit dans le&hellip;\n","protected":false},"author":2,"featured_media":292465,"comment_status":"","ping_status":"","sticky":false,"template":"","format":"standard","meta":{"footnotes":"","_share_on_mastodon":"0"},"categories":[4],"tags":[3779,3798,3780,3792,22,3778,3788,3797,121,3775,3794,119,3784,3787,122,3785,3795,118,3781,21,120,3786,3793,3789,3782,3776,3777,3783,23,3796,3791,3790],"class_list":["post-292464","post","type-post","status-publish","format-standard","has-post-thumbnail","category-actualites","tag-3779","tag-23-giugno","tag-23-juin","tag-23rd-of-june","tag-actualites","tag-administration","tag-administrazion","tag-adminitrazione","tag-ajoie","tag-canton","tag-cantone","tag-delemont","tag-delsberg","tag-doubs","tag-franches-montagnes","tag-freiberge","tag-giura","tag-jura","tag-kanton","tag-news","tag-porrentruy","tag-pruntrut","tag-repubblica-e-canton-giura","tag-republic","tag-republik-und-kanton-jura","tag-republique-et-canton","tag-saint-ursanne","tag-schweiz","tag-suisse","tag-svizzera","tag-switzerland","tag-website"],"share_on_mastodon":{"url":"https:\/\/pubeurope.com\/@ch_fr\/117216203614845190","error":""},"_links":{"self":[{"href":"https:\/\/www.europesays.com\/ch-fr\/wp-json\/wp\/v2\/posts\/292464","targetHints":{"allow":["GET"]}}],"collection":[{"href":"https:\/\/www.europesays.com\/ch-fr\/wp-json\/wp\/v2\/posts"}],"about":[{"href":"https:\/\/www.europesays.com\/ch-fr\/wp-json\/wp\/v2\/types\/post"}],"author":[{"embeddable":true,"href":"https:\/\/www.europesays.com\/ch-fr\/wp-json\/wp\/v2\/users\/2"}],"replies":[{"embeddable":true,"href":"https:\/\/www.europesays.com\/ch-fr\/wp-json\/wp\/v2\/comments?post=292464"}],"version-history":[{"count":0,"href":"https:\/\/www.europesays.com\/ch-fr\/wp-json\/wp\/v2\/posts\/292464\/revisions"}],"wp:featuredmedia":[{"embeddable":true,"href":"https:\/\/www.europesays.com\/ch-fr\/wp-json\/wp\/v2\/media\/292465"}],"wp:attachment":[{"href":"https:\/\/www.europesays.com\/ch-fr\/wp-json\/wp\/v2\/media?parent=292464"}],"wp:term":[{"taxonomy":"category","embeddable":true,"href":"https:\/\/www.europesays.com\/ch-fr\/wp-json\/wp\/v2\/categories?post=292464"},{"taxonomy":"post_tag","embeddable":true,"href":"https:\/\/www.europesays.com\/ch-fr\/wp-json\/wp\/v2\/tags?post=292464"}],"curies":[{"name":"wp","href":"https:\/\/api.w.org\/{rel}","templated":true}]}}