{"id":292488,"date":"2026-09-05T03:42:19","date_gmt":"2026-09-05T03:42:19","guid":{"rendered":"https:\/\/www.europesays.com\/ch-fr\/292488\/"},"modified":"2026-09-05T03:42:19","modified_gmt":"2026-09-05T03:42:19","slug":"charles-sapin-a-france-inter-catherine-pegard-met-en-garde-contre-la-chasse-aux-sorcieres","status":"publish","type":"post","link":"https:\/\/www.europesays.com\/ch-fr\/292488\/","title":{"rendered":"Charles Sapin \u00e0 France Inter\u00a0: Catherine P\u00e9gard met en garde contre \u00ab\u00a0la chasse aux sorci\u00e8res\u00a0\u00bb"},"content":{"rendered":"<p> \u00abIl faut entendre ses propos\u00a0\u00bb. La ministre de la Culture, Catherine P\u00e9gard, a mis en garde ce vendredi contre \u00ab\u00a0la chasse aux sorci\u00e8res\u00a0\u00bb apr\u00e8s l\u2019opposition du personnel du groupe public Radio France \u00e0 l\u2019arriv\u00e9e d\u2019un responsable du magazine <a href=\"https:\/\/www.20minutes.fr\/dossier\/valeurs_actuelles\" class=\"c-link c-link--is-underlined\" rel=\"nofollow noopener\" target=\"_blank\">Valeurs actuelles<\/a> comme \u00e9ditorialiste sur <a href=\"https:\/\/www.20minutes.fr\/medias\/france_inter\/\" class=\"c-link c-link--is-underlined\" rel=\"nofollow noopener\" target=\"_blank\">France Inter<\/a>.<\/p>\n<p>\u00ab\u00a0L\u00e0 pour exprimer une opinion\u00a0\u00bb<\/p>\n<p>\u00ab\u00a0Le proc\u00e8s d\u2019intention c\u2019est quand m\u00eame assez d\u00e9sagr\u00e9able, la chasse aux sorci\u00e8res c\u2019est toujours d\u00e9sagr\u00e9able et je pense que si on a choisi ce chroniqueur, il faut entendre ses propos\u00a0\u00bb, qui ne doivent \u00eatre \u00ab\u00a0ni des propos de haine, ni des propos de combat politique\u00a0\u00bb, a d\u00e9clar\u00e9 la ministre sur <a href=\"https:\/\/www.20minutes.fr\/medias\/rtl\/\" class=\"c-link c-link--is-underlined\" rel=\"nofollow noopener\" target=\"_blank\">RTL<\/a>.<\/p>\n<p>\u00ab\u00a0La maison de France Inter doit \u00eatre ouverte [\u2026]. Les \u00e9ditorialistes sont l\u00e0 pour exprimer une opinion, la leur, pas celle forc\u00e9ment des journaux dans lesquels ils travaillent [\u2026]. J\u2019observe que ce pluralisme est respect\u00e9 dans la rentr\u00e9e de France Inter\u00a0\u00bb, a-t-elle estim\u00e9, en jugeant que \u00ab\u00a0pendant cette ann\u00e9e \u00e9lectorale, il doit y avoir du d\u00e9bat\u00a0\u00bb.<\/p>\n<p>Un \u00ab\u00a0refus cat\u00e9gorique\u00a0\u00bb des personnels<\/p>\n<p>France Inter, <a href=\"https:\/\/www.20minutes.fr\/arts-stars\/medias\/4233946-20260710-audiences-radio-france-inter-reste-tete-devant-rtl-nova-poursuit-ascension\" target=\"_blank\" class=\"c-link c-link--is-underlined\" rel=\"nofollow noopener\">radio leader d\u2019audience en France<\/a>, est en \u00e9bullition depuis l\u2019annonce de l\u2019arriv\u00e9e de Charles Sapin, nouveau directeur adjoint de la r\u00e9daction du magazine Valeurs actuelles, pour un \u00e9dito politique chaque dimanche.<\/p>\n<p>L\u2019intersyndicale du groupe public Radio France, dont France Inter fait partie, a d\u00e9pos\u00e9 un pr\u00e9avis de gr\u00e8ve pour les dimanche\u00a013 et lundi 14\u00a0septembre, demandant le retrait de sa chronique. Dans une motion adopt\u00e9e \u00e0 l\u2019unanimit\u00e9 mercredi, les personnels de Radio France ont dit leur \u00ab\u00a0refus cat\u00e9gorique\u00a0\u00bb de l\u2019arriv\u00e9e de Charles Sapin \u00e0 l\u2019antenne, en jugeant que son magazine portait des valeurs non \u00ab\u00a0compatibles\u00a0\u00bb avec celles du groupe public.<\/p>\n<p>La direction, elle, justifie cette d\u00e9cision au nom du pluralisme. Jeudi, lors de la conf\u00e9rence de presse de rentr\u00e9e de <a href=\"https:\/\/www.20minutes.fr\/medias\/radio-france\/\" class=\"c-link c-link--is-underlined\" rel=\"nofollow noopener\" target=\"_blank\">Radio France<\/a>, sa pr\u00e9sidente, Sibyle Veil, a assum\u00e9 donner la parole \u00e0 \u00ab\u00a0des gens qui ne pensent pas la m\u00eame chose\u00a0\u00bb.<\/p>\n","protected":false},"excerpt":{"rendered":"\u00abIl faut entendre ses propos\u00a0\u00bb. La ministre de la Culture, Catherine P\u00e9gard, a mis en garde ce vendredi&hellip;\n","protected":false},"author":2,"featured_media":292489,"comment_status":"","ping_status":"","sticky":false,"template":"","format":"standard","meta":{"footnotes":"","_share_on_mastodon":"0"},"categories":[15],"tags":[158,157,113,112,4534,1177,32385,159,22159,23,63681],"class_list":["post-292488","post","type-post","status-publish","format-standard","has-post-thumbnail","category-people","tag-celebrities","tag-celebrity","tag-divertissement","tag-entertainment","tag-france-inter","tag-medias","tag-ministre-de-la-culture","tag-people","tag-radio-france","tag-suisse","tag-valeurs-actuelles"],"share_on_mastodon":{"url":"https:\/\/pubeurope.com\/@ch_fr\/117216368693003255","error":""},"_links":{"self":[{"href":"https:\/\/www.europesays.com\/ch-fr\/wp-json\/wp\/v2\/posts\/292488","targetHints":{"allow":["GET"]}}],"collection":[{"href":"https:\/\/www.europesays.com\/ch-fr\/wp-json\/wp\/v2\/posts"}],"about":[{"href":"https:\/\/www.europesays.com\/ch-fr\/wp-json\/wp\/v2\/types\/post"}],"author":[{"embeddable":true,"href":"https:\/\/www.europesays.com\/ch-fr\/wp-json\/wp\/v2\/users\/2"}],"replies":[{"embeddable":true,"href":"https:\/\/www.europesays.com\/ch-fr\/wp-json\/wp\/v2\/comments?post=292488"}],"version-history":[{"count":0,"href":"https:\/\/www.europesays.com\/ch-fr\/wp-json\/wp\/v2\/posts\/292488\/revisions"}],"wp:featuredmedia":[{"embeddable":true,"href":"https:\/\/www.europesays.com\/ch-fr\/wp-json\/wp\/v2\/media\/292489"}],"wp:attachment":[{"href":"https:\/\/www.europesays.com\/ch-fr\/wp-json\/wp\/v2\/media?parent=292488"}],"wp:term":[{"taxonomy":"category","embeddable":true,"href":"https:\/\/www.europesays.com\/ch-fr\/wp-json\/wp\/v2\/categories?post=292488"},{"taxonomy":"post_tag","embeddable":true,"href":"https:\/\/www.europesays.com\/ch-fr\/wp-json\/wp\/v2\/tags?post=292488"}],"curies":[{"name":"wp","href":"https:\/\/api.w.org\/{rel}","templated":true}]}}