{"id":292504,"date":"2026-09-05T04:25:10","date_gmt":"2026-09-05T04:25:10","guid":{"rendered":"https:\/\/www.europesays.com\/ch-fr\/292504\/"},"modified":"2026-09-05T04:25:10","modified_gmt":"2026-09-05T04:25:10","slug":"audrey-werro-a-bruxelles-pour-conserver-son-invincibilite-3","status":"publish","type":"post","link":"https:\/\/www.europesays.com\/ch-fr\/292504\/","title":{"rendered":"Audrey Werro \u00e0 Bruxelles pour conserver son invincibilit\u00e9"},"content":{"rendered":"<p class=\"wysiwyg-h2\">Cinq athl\u00e8tes suisses seront en lice lors de la deuxi\u00e8me soir\u00e9e de la finale de la Diamond League \u00e0 Bruxelles samedi. Les projecteurs sont \u00e0 nouveau braqu\u00e9s sur Audrey Werro.<\/p>\n<p>Invaincue cette ann\u00e9e sur 800 m (\u00e0 l&rsquo;exception de la demi-finale des Europ\u00e9ens), Audrey Werro entend bien le rester. Elle a remport\u00e9 les cinq courses auxquelles elle a particip\u00e9 dans le cadre de la Diamond League, \u00e0 Rabat, Stockholm, Paris, Lausanne et Zurich.<\/p>\n<p>Au Weltklasse, la Fribourgeoise a encore am\u00e9lior\u00e9 la meilleure performance mondiale de l\u2019ann\u00e9e pour la porter \u00e0 1&rsquo;53\u00a0\u00bb70, \u00e0 0\u00a0\u00bb42 du &lsquo;vieux&rsquo; recordman du monde de Jarmila Kratochvila. Elle n&rsquo;a plus que deux opportunit\u00e9s de l&rsquo;am\u00e9liorer cette ann\u00e9e, \u00e0 Bruxelles donc puis \u00e0 Budapest le week-end suivant lors des Ultimate Championships.<\/p>\n<p>La troisi\u00e8me femme la plus rapide de l&rsquo;histoire sur le double tour de piste courra en fin de session (21h39). En l&rsquo;absence &#8211; comme \u00e0 Zurich &#8211; de Keely Hodgkinson, sa principale rivale sera la N\u00e9erlandaise Femke Broeders-Bol. Une deuxi\u00e8me Suissesse sera de la partie sur la distance, Veronica Vancardo.<\/p>\n<p>Outre ces deux sp\u00e9cialistes du 800 m, la perchiste Angelica Moser s\u2019est \u00e9galement qualifi\u00e9e pour ces finales. Avec six places sur le podium en six d\u00e9parts cette saison, la Zurichoise a r\u00e9ussi \u00e0 devenir tr\u00e8s constante. Si les conditions sont r\u00e9unies, elle pourrait viser son record de Suisse (4m88). Chez les messieurs, Timoth\u00e9 Mumenthaler prendra le d\u00e9part du 200 m, Dominic Lobalu du 5000 m.<\/p>\n<p> \/ATS<\/p>\n","protected":false},"excerpt":{"rendered":"Cinq athl\u00e8tes suisses seront en lice lors de la deuxi\u00e8me soir\u00e9e de la finale de la Diamond League&hellip;\n","protected":false},"author":2,"featured_media":292505,"comment_status":"","ping_status":"","sticky":false,"template":"","format":"standard","meta":{"footnotes":"","_share_on_mastodon":"0"},"categories":[8],"tags":[121,124,128,119,122,123,118,136,132,131,133,130,135,120,126,117,125,114,115,116,75,23,129,127,134],"class_list":["post-292504","post","type-post","status-publish","format-standard","has-post-thumbnail","category-sports","tag-ajoie","tag-animation","tag-bienne","tag-delemont","tag-franches-montagnes","tag-frequence","tag-jura","tag-jura-bernois","tag-la-chaux-de-fonds","tag-moutier","tag-neuchatel","tag-neuveville","tag-payerne","tag-porrentruy","tag-publicite","tag-radio","tag-redaction","tag-rfj","tag-rjb","tag-rtn","tag-sports","tag-suisse","tag-tavannes","tag-vallon-de-st-imier","tag-yverdon"],"share_on_mastodon":{"url":"https:\/\/pubeurope.com\/@ch_fr\/117216537900026910","error":""},"_links":{"self":[{"href":"https:\/\/www.europesays.com\/ch-fr\/wp-json\/wp\/v2\/posts\/292504","targetHints":{"allow":["GET"]}}],"collection":[{"href":"https:\/\/www.europesays.com\/ch-fr\/wp-json\/wp\/v2\/posts"}],"about":[{"href":"https:\/\/www.europesays.com\/ch-fr\/wp-json\/wp\/v2\/types\/post"}],"author":[{"embeddable":true,"href":"https:\/\/www.europesays.com\/ch-fr\/wp-json\/wp\/v2\/users\/2"}],"replies":[{"embeddable":true,"href":"https:\/\/www.europesays.com\/ch-fr\/wp-json\/wp\/v2\/comments?post=292504"}],"version-history":[{"count":0,"href":"https:\/\/www.europesays.com\/ch-fr\/wp-json\/wp\/v2\/posts\/292504\/revisions"}],"wp:featuredmedia":[{"embeddable":true,"href":"https:\/\/www.europesays.com\/ch-fr\/wp-json\/wp\/v2\/media\/292505"}],"wp:attachment":[{"href":"https:\/\/www.europesays.com\/ch-fr\/wp-json\/wp\/v2\/media?parent=292504"}],"wp:term":[{"taxonomy":"category","embeddable":true,"href":"https:\/\/www.europesays.com\/ch-fr\/wp-json\/wp\/v2\/categories?post=292504"},{"taxonomy":"post_tag","embeddable":true,"href":"https:\/\/www.europesays.com\/ch-fr\/wp-json\/wp\/v2\/tags?post=292504"}],"curies":[{"name":"wp","href":"https:\/\/api.w.org\/{rel}","templated":true}]}}