{"id":292514,"date":"2026-09-05T04:39:19","date_gmt":"2026-09-05T04:39:19","guid":{"rendered":"https:\/\/www.europesays.com\/ch-fr\/292514\/"},"modified":"2026-09-05T04:39:19","modified_gmt":"2026-09-05T04:39:19","slug":"beyonce-celebre-son-anniversaire-en-sortant-une-edition-deluxe-de-son-album-bday","status":"publish","type":"post","link":"https:\/\/www.europesays.com\/ch-fr\/292514\/","title":{"rendered":"Beyonc\u00e9 c\u00e9l\u00e8bre son anniversaire en sortant une \u00e9dition deluxe de son album B&rsquo;Day"},"content":{"rendered":"<p class=\"mb-4 text-lg md:leading-8 break-words\">Beyonc\u00e9 a f\u00eat\u00e9 son anniversaire en d\u00e9voilant une \u00e9dition sp\u00e9ciale 20\u1d49 anniversaire de son album, B&rsquo;Day.<br \/>Pour marquer ses 45 ans cette semaine, la superstar de la musique a annonc\u00e9 vendredi la sortie d&rsquo;une version deluxe de son deuxi\u00e8me album studio, qui date de 2006.<\/p>\n<p class=\"mb-4 text-lg md:leading-8 break-words\">Dans un communiqu\u00e9, Beyonc\u00e9 est revenue sur l&rsquo;exp\u00e9rience de l&rsquo;enregistrement de l&rsquo;album original il y a deux d\u00e9cennies.<\/p>\n<p class=\"mb-4 text-lg md:leading-8 break-words\">\u00ab Je voulais que cet album soit grandiose, percutant, puissant, rythm\u00e9 et plein d&rsquo;\u00e9nergie, et il \u00e9tait important pour moi que nous utilisions des instruments jou\u00e9s en direct \u00bb, se souvient-elle. \u00ab Le hip-hop \u00e9tait en plein essor \u00e0 l&rsquo;\u00e9poque, mais je me battais pour pr\u00e9server les ponts, les m\u00e9lodies et les harmonies qui ont toujours \u00e9t\u00e9 au c\u0153ur du R&amp;B. L&rsquo;objectif \u00e9tait de fusionner ces deux univers gr\u00e2ce \u00e0 l&rsquo;art du sampling. J&rsquo;adorais le minimalisme d&rsquo;un bel arrangement vocal sur une simple boucle de batterie ou une guitare classique comme dans Irreplaceable&#8230; mais seulement si cette 808 grondait en arri\u00e8re-plan. \u00bb<\/p>\n<p class=\"mb-4 text-lg md:leading-8 break-words\">Pour cette nouvelle \u00e9dition, Beyonc\u00e9 a travaill\u00e9 au remastering des titres et \u00e0 la mise \u00e0 jour des clips, notamment celui de D\u00e9j\u00e0 Vu, dans lequel appara\u00eet son mari, le rappeur Jay-Z.<\/p>\n<p class=\"mb-4 text-lg md:leading-8 break-words\">De plus, le projet comprend des titres en espagnol qui t\u00e9moignent de \u00ab l&rsquo;amour et de l&rsquo;admiration \u00bb de l&rsquo;interpr\u00e8te de Halo \u00ab pour la culture et les incroyables artistes qui ont contribu\u00e9 et continuent de faire \u00e9voluer ce genre \u00bb.<\/p>\n<p class=\"mb-4 text-lg md:leading-8 break-words\">Parmi celles-ci figurent Cuerpo Tumbao (Get Me Bodied) en featuring avec Maluma et Irreemplazable (Como La Flor) avec la regrett\u00e9e artiste tejano Selena Quintanilla.<\/p>\n<p class=\"mb-4 text-lg md:leading-8 break-words\">\u00ab Depuis le d\u00e9c\u00e8s de Selena en 1995, ses ayants droit autorisent rarement l&rsquo;utilisation de sa musique. C&rsquo;est gr\u00e2ce \u00e0 cette approbation retentissante accord\u00e9e \u00e0 Beyonc\u00e9 par les ayants droit de Selena Quintanilla que ce duo opportun et significatif a pu voir le jour. Deux femmes originaires du Texas. Deux voix incomparables et irrempla\u00e7ables qui ont bris\u00e9 et continuent de briser les barri\u00e8res \u00bb, s&rsquo;est f\u00e9licit\u00e9 un porte-parole.<\/p>\n<p class=\"mb-4 text-lg md:leading-8 break-words\">L&rsquo;\u00e9dition vinyle de luxe B&rsquo;Day pour le 20\u1d49 anniversaire comprend \u00e9galement Morning Dew (Donk), les enregistrements en espagnol et les faces B. Elle est accompagn\u00e9e d&rsquo;un livret comm\u00e9moratif de 60 pages et de deux tirages d&rsquo;art recto-verso \u00e0 collectionner.<\/p>\n","protected":false},"excerpt":{"rendered":"Beyonc\u00e9 a f\u00eat\u00e9 son anniversaire en d\u00e9voilant une \u00e9dition sp\u00e9ciale 20\u1d49 anniversaire de son album, B&rsquo;Day.Pour marquer ses&hellip;\n","protected":false},"author":2,"featured_media":292515,"comment_status":"","ping_status":"","sticky":false,"template":"","format":"standard","meta":{"footnotes":"","_share_on_mastodon":"0"},"categories":[12],"tags":[40128,63637,63761,63764,63765,3836,63767,63774,63770,63772,63759,113,63763,112,63773,63771,63768,63762,63766,140,141,63769,63760,23],"class_list":["post-292514","post","type-post","status-publish","format-standard","has-post-thumbnail","category-musique","tag-20e","tag-63637","tag-ans-cette-semaine","tag-b-elle-est-accompagnee-dun","tag-battais-pour-preserver-les","tag-beyonce","tag-celui-de-deja-vu","tag-como-la-flor","tag-continuent-de-faire-evoluer-ce-genre","tag-cuerpo-tumbao","tag-deluxe-de-son-deuxieme","tag-divertissement","tag-droit-autorisent-rarement","tag-entertainment","tag-irreemplazable","tag-jadorais-le-minimalisme","tag-jay-z-de","tag-je-voulais-que-cet","tag-mari","tag-music","tag-musique","tag-retentissante-accordee-a-beyonce","tag-selena-quintanilla","tag-suisse"],"share_on_mastodon":{"url":"https:\/\/pubeurope.com\/@ch_fr\/117216592965229518","error":""},"_links":{"self":[{"href":"https:\/\/www.europesays.com\/ch-fr\/wp-json\/wp\/v2\/posts\/292514","targetHints":{"allow":["GET"]}}],"collection":[{"href":"https:\/\/www.europesays.com\/ch-fr\/wp-json\/wp\/v2\/posts"}],"about":[{"href":"https:\/\/www.europesays.com\/ch-fr\/wp-json\/wp\/v2\/types\/post"}],"author":[{"embeddable":true,"href":"https:\/\/www.europesays.com\/ch-fr\/wp-json\/wp\/v2\/users\/2"}],"replies":[{"embeddable":true,"href":"https:\/\/www.europesays.com\/ch-fr\/wp-json\/wp\/v2\/comments?post=292514"}],"version-history":[{"count":0,"href":"https:\/\/www.europesays.com\/ch-fr\/wp-json\/wp\/v2\/posts\/292514\/revisions"}],"wp:featuredmedia":[{"embeddable":true,"href":"https:\/\/www.europesays.com\/ch-fr\/wp-json\/wp\/v2\/media\/292515"}],"wp:attachment":[{"href":"https:\/\/www.europesays.com\/ch-fr\/wp-json\/wp\/v2\/media?parent=292514"}],"wp:term":[{"taxonomy":"category","embeddable":true,"href":"https:\/\/www.europesays.com\/ch-fr\/wp-json\/wp\/v2\/categories?post=292514"},{"taxonomy":"post_tag","embeddable":true,"href":"https:\/\/www.europesays.com\/ch-fr\/wp-json\/wp\/v2\/tags?post=292514"}],"curies":[{"name":"wp","href":"https:\/\/api.w.org\/{rel}","templated":true}]}}