{"id":292520,"date":"2026-09-05T04:43:09","date_gmt":"2026-09-05T04:43:09","guid":{"rendered":"https:\/\/www.europesays.com\/ch-fr\/292520\/"},"modified":"2026-09-05T04:43:09","modified_gmt":"2026-09-05T04:43:09","slug":"simon-ehammer-termine-la-diamond-league-sur-une-3e-place","status":"publish","type":"post","link":"https:\/\/www.europesays.com\/ch-fr\/292520\/","title":{"rendered":"Simon Ehammer termine la Diamond League sur une 3e place"},"content":{"rendered":"<p class=\"wysiwyg-h2\">Simon Ehammer n&rsquo;a pas r\u00e9ussi \u00e0 d\u00e9crocher un troisi\u00e8me diamant. L&rsquo;Appenzellois a pris la troisi\u00e8me place de la longueur lors de la finale de la Diamond League vendredi \u00e0 Bruxelles.<\/p>\n<p>Ehammer a attendu son sixi\u00e8me et dernier essai pour r\u00e9aliser sa meilleure performance de la soir\u00e9e en Belgique avec un bond mesur\u00e9 \u00e0 8,23 m. L&rsquo;athl\u00e8te de 26 ans a ainsi l\u00e9g\u00e8rement am\u00e9lior\u00e9 ses performances du Weltklasse (8,14) et d&rsquo;Athletissima (8,13), mais est rest\u00e9 \u00e0 six centim\u00e8tres de la marque qui lui avait valu la m\u00e9daille d&rsquo;argent aux Championnats d&rsquo;Europe de Birmingham.<\/p>\n<p>La victoire est revenue au Jama\u00efcain Tajay Gayle, champion du monde 2019 \u00e0 Doha et m\u00e9daill\u00e9 d&rsquo;argent aux Championnats du monde 2025 \u00e0 Tokyo, avec un saut \u00e0 8,46 m. Gayle avait d\u00e9j\u00e0 remport\u00e9 le Diamond Trophy en 2024.<\/p>\n<p>Le favori grec Miltiadis Tentoglou a d\u00fb se contenter de la deuxi\u00e8me avec 8,40 m. Le Grec a remport\u00e9 quatre \u00e9preuves de la Diamond League cette saison et a \u00e9t\u00e9 sacr\u00e9 champion d&rsquo;Europe \u00e0 Birmingham.<\/p>\n<p>Duplantis forfait, Karalis s&rsquo;impose<\/p>\n<p>Le Grec Emmanouil Karalis a de son c\u00f4t\u00e9 remport\u00e9 le concours du saut \u00e0 la perche avec une barre franchie \u00e0 6,12 m, alors que le Su\u00e9dois Armand Duplantis a d\u00e9clar\u00e9 forfait.<\/p>\n<p>Avant le d\u00e9but du concours, &lsquo;Mondo&rsquo; a fait savoir qu&rsquo;il renon\u00e7ait, ressentant une douleur \u00e0 la jambe gauche, la m\u00eame qui l&rsquo;avait oblig\u00e9 \u00e0 d\u00e9clarer forfait \u00e0 Londres mi-juillet.<\/p>\n<p>Emmanouil Karalis, deuxi\u00e8me meilleur perchiste de la plan\u00e8te et qui a pouss\u00e9 Duplantis dans ses retranchements lors des derniers concours (6,20 m contre 6,25 m pour le Su\u00e9dois \u00e0 Zurich il y a une semaine), s&rsquo;est impos\u00e9 en franchissant \u00e0 son troisi\u00e8me et dernier essai une barre \u00e0 6,12 m\u00e8tres pour s&#8217;emparer du record du meeting.<\/p>\n<p>Il s&rsquo;est ensuite arr\u00eat\u00e9, remportant pour la premi\u00e8re fois une finale de Ligue de diamant. L&rsquo;\u00e9pilogue du duel est pr\u00e9vu \u00e0 Budapest la semaine prochaine, si Duplantis est remis de sa blessure.<\/p>\n<p> \/ATS<\/p>\n","protected":false},"excerpt":{"rendered":"Simon Ehammer n&rsquo;a pas r\u00e9ussi \u00e0 d\u00e9crocher un troisi\u00e8me diamant. L&rsquo;Appenzellois a pris la troisi\u00e8me place de la&hellip;\n","protected":false},"author":2,"featured_media":292521,"comment_status":"","ping_status":"","sticky":false,"template":"","format":"standard","meta":{"footnotes":"","_share_on_mastodon":"0"},"categories":[8],"tags":[121,124,128,119,122,123,118,136,132,131,133,130,135,120,126,117,125,114,115,116,75,23,129,127,134],"class_list":["post-292520","post","type-post","status-publish","format-standard","has-post-thumbnail","category-sports","tag-ajoie","tag-animation","tag-bienne","tag-delemont","tag-franches-montagnes","tag-frequence","tag-jura","tag-jura-bernois","tag-la-chaux-de-fonds","tag-moutier","tag-neuchatel","tag-neuveville","tag-payerne","tag-porrentruy","tag-publicite","tag-radio","tag-redaction","tag-rfj","tag-rjb","tag-rtn","tag-sports","tag-suisse","tag-tavannes","tag-vallon-de-st-imier","tag-yverdon"],"share_on_mastodon":{"url":"https:\/\/pubeurope.com\/@ch_fr\/117216608434929302","error":""},"_links":{"self":[{"href":"https:\/\/www.europesays.com\/ch-fr\/wp-json\/wp\/v2\/posts\/292520","targetHints":{"allow":["GET"]}}],"collection":[{"href":"https:\/\/www.europesays.com\/ch-fr\/wp-json\/wp\/v2\/posts"}],"about":[{"href":"https:\/\/www.europesays.com\/ch-fr\/wp-json\/wp\/v2\/types\/post"}],"author":[{"embeddable":true,"href":"https:\/\/www.europesays.com\/ch-fr\/wp-json\/wp\/v2\/users\/2"}],"replies":[{"embeddable":true,"href":"https:\/\/www.europesays.com\/ch-fr\/wp-json\/wp\/v2\/comments?post=292520"}],"version-history":[{"count":0,"href":"https:\/\/www.europesays.com\/ch-fr\/wp-json\/wp\/v2\/posts\/292520\/revisions"}],"wp:featuredmedia":[{"embeddable":true,"href":"https:\/\/www.europesays.com\/ch-fr\/wp-json\/wp\/v2\/media\/292521"}],"wp:attachment":[{"href":"https:\/\/www.europesays.com\/ch-fr\/wp-json\/wp\/v2\/media?parent=292520"}],"wp:term":[{"taxonomy":"category","embeddable":true,"href":"https:\/\/www.europesays.com\/ch-fr\/wp-json\/wp\/v2\/categories?post=292520"},{"taxonomy":"post_tag","embeddable":true,"href":"https:\/\/www.europesays.com\/ch-fr\/wp-json\/wp\/v2\/tags?post=292520"}],"curies":[{"name":"wp","href":"https:\/\/api.w.org\/{rel}","templated":true}]}}