{"id":292538,"date":"2026-09-05T05:10:14","date_gmt":"2026-09-05T05:10:14","guid":{"rendered":"https:\/\/www.europesays.com\/ch-fr\/292538\/"},"modified":"2026-09-05T05:10:14","modified_gmt":"2026-09-05T05:10:14","slug":"la-droite-limite-lindemnisation-a-la-fase-a-la-fin-de-lannee-3","status":"publish","type":"post","link":"https:\/\/www.europesays.com\/ch-fr\/292538\/","title":{"rendered":"La droite limite l&rsquo;indemnisation \u00e0 la FASe \u00e0 la fin de l&rsquo;ann\u00e9e"},"content":{"rendered":"<p class=\"wysiwyg-h2\">A Gen\u00e8ve, la majorit\u00e9 de droite au Grand Conseil a limit\u00e9 vendredi soir l&rsquo;indemnisation annuelle \u00e0 la Fondation genevoise pour l&rsquo;animation socio-culturelle (FASe) jusqu&rsquo;\u00e0 la fin de l&rsquo;ann\u00e9e. Objectif: pousser le canton \u00e0 enfin transf\u00e9rer ses comp\u00e9tences aux communes.<\/p>\n<p>Le projet de loi initial du Conseil d&rsquo;Etat portait sur cinq ans, de 2025 \u00e0 2029. &lsquo;Il a \u00e9t\u00e9 amend\u00e9 pour que le canton discute avec les communes, qui sont au plus proche des jeunes sur le terrain&rsquo;, a expliqu\u00e9 la d\u00e9put\u00e9e PLR Natacha Buffet-Desfayes, rapporteuse de majorit\u00e9.<\/p>\n<p>La FASe est une fondation de droit public destin\u00e9e \u00e0 renforcer la coh\u00e9sion sociale dans tout le canton, en lien \u00e9troit avec les communes. Elle chapeaute notamment des centres d&rsquo;animation socio-culturelle, comme des maisons de quartier, ainsi que les \u00e9quipes de travail social hors les murs. Elle peut aussi d\u00e9velopper des dispositifs sp\u00e9cifiques en r\u00e9ponse \u00e0 des probl\u00e9matiques urgentes.<\/p>\n<p>Comme l&rsquo;a relev\u00e9 le d\u00e9put\u00e9 UDC St\u00e9phane Florey, le transfert de la fondation aux communes est discut\u00e9 depuis douze ans, sans qu&rsquo;aucune solution n&rsquo;ait \u00e9t\u00e9 trouv\u00e9e. &lsquo;Il faut forcer un accord pour que les communes prennent ces charges, elles en ont les moyens. Si on ne le fait pas aujourd&rsquo;hui, on ne le fera jamais&rsquo;, a-t-il plaid\u00e9. Un avis partag\u00e9 par Le Centre et la formation Libert\u00e9s et justice sociale.<\/p>\n<p>T\u00e2ches cantonales<\/p>\n<p>&lsquo;La minorit\u00e9 n&rsquo;est pas oppos\u00e9e \u00e0 un transfert vers les communes, mais cela ne sera pas possible en quatre mois&rsquo;, a r\u00e9torqu\u00e9 le Vert Pierre Eckert, rapporteur de seconde minorit\u00e9. Selon lui, la gouvernance &lsquo;complexe&rsquo; de la FASe doit d&rsquo;abord \u00eatre revue. Et de souligner que la fondation assume de plus en plus de t\u00e2ches cantonales, qu&rsquo;elles soient \u00e9ducatives, sociales ou s\u00e9curitaires.<\/p>\n<p>Le d\u00e9put\u00e9 MCG Fran\u00e7ois Baertschi, rapporteur de premi\u00e8re minorit\u00e9, a, lui, appel\u00e9 \u00e0 refuser la loi, au vu du nombre \u00e9lev\u00e9 de travailleurs frontaliers engag\u00e9 \u00e0 la FASe. A titre personnel, sa coll\u00e8gue de parti Ana Roch a d\u00e9fendu la mission cantonale de la fondation, garante d&rsquo;un &lsquo;acc\u00e8s \u00e9quitable \u00e0 chaque jeune, quel que soit son lieu de domicile.&rsquo;<\/p>\n<p>&lsquo;Un transfert ne va pas se faire sans d\u00e9g\u00e2ts&rsquo;, a mis en garde le conseiller d&rsquo;Etat Thierry Apoth\u00e9loz, en charge du D\u00e9partement de la coh\u00e9sion sociale. A l&rsquo;heure actuelle, le canton participe \u00e0 hauteur de 37% au budget de la FASe. Des annonces seront faites lors de la pr\u00e9sentation du projet de budget 2027, le 17 septembre, a-t-il indiqu\u00e9.<\/p>\n<p>\/ATS<\/p>\n","protected":false},"excerpt":{"rendered":"A Gen\u00e8ve, la majorit\u00e9 de droite au Grand Conseil a limit\u00e9 vendredi soir l&rsquo;indemnisation annuelle \u00e0 la Fondation&hellip;\n","protected":false},"author":2,"featured_media":292539,"comment_status":"","ping_status":"","sticky":false,"template":"","format":"standard","meta":{"footnotes":"","_share_on_mastodon":"0"},"categories":[17],"tags":[170,169,230,23,231,232],"class_list":["post-292538","post","type-post","status-publish","format-standard","has-post-thumbnail","category-geneve","tag-geneva","tag-geneve","tag-leman-bleu","tag-suisse","tag-television-geneve","tag-television-nyon"],"share_on_mastodon":{"url":"https:\/\/pubeurope.com\/@ch_fr\/117216714885213870","error":""},"_links":{"self":[{"href":"https:\/\/www.europesays.com\/ch-fr\/wp-json\/wp\/v2\/posts\/292538","targetHints":{"allow":["GET"]}}],"collection":[{"href":"https:\/\/www.europesays.com\/ch-fr\/wp-json\/wp\/v2\/posts"}],"about":[{"href":"https:\/\/www.europesays.com\/ch-fr\/wp-json\/wp\/v2\/types\/post"}],"author":[{"embeddable":true,"href":"https:\/\/www.europesays.com\/ch-fr\/wp-json\/wp\/v2\/users\/2"}],"replies":[{"embeddable":true,"href":"https:\/\/www.europesays.com\/ch-fr\/wp-json\/wp\/v2\/comments?post=292538"}],"version-history":[{"count":0,"href":"https:\/\/www.europesays.com\/ch-fr\/wp-json\/wp\/v2\/posts\/292538\/revisions"}],"wp:featuredmedia":[{"embeddable":true,"href":"https:\/\/www.europesays.com\/ch-fr\/wp-json\/wp\/v2\/media\/292539"}],"wp:attachment":[{"href":"https:\/\/www.europesays.com\/ch-fr\/wp-json\/wp\/v2\/media?parent=292538"}],"wp:term":[{"taxonomy":"category","embeddable":true,"href":"https:\/\/www.europesays.com\/ch-fr\/wp-json\/wp\/v2\/categories?post=292538"},{"taxonomy":"post_tag","embeddable":true,"href":"https:\/\/www.europesays.com\/ch-fr\/wp-json\/wp\/v2\/tags?post=292538"}],"curies":[{"name":"wp","href":"https:\/\/api.w.org\/{rel}","templated":true}]}}