{"id":292546,"date":"2026-09-05T05:21:15","date_gmt":"2026-09-05T05:21:15","guid":{"rendered":"https:\/\/www.europesays.com\/ch-fr\/292546\/"},"modified":"2026-09-05T05:21:15","modified_gmt":"2026-09-05T05:21:15","slug":"kyrgios-suspendu-un-mois-pour-usage-de-cocaine","status":"publish","type":"post","link":"https:\/\/www.europesays.com\/ch-fr\/292546\/","title":{"rendered":"Kyrgios suspendu un mois pour usage de coca\u00efne"},"content":{"rendered":"<p class=\"wysiwyg-h2\">Nick Kyrgios a \u00e9t\u00e9 suspendu un mois apr\u00e8s un contr\u00f4le positif \u00e0 la coca\u00efne, a annonc\u00e9 jeudi l&rsquo;Agence internationale pour l&rsquo;int\u00e9grit\u00e9 du tennis (ITIA).<\/p>\n<p>L&rsquo;Australien de 31 ans, finaliste de Wimbledon 2022, s&rsquo;est engag\u00e9 dans un programme de d\u00e9sintoxication. Il avait \u00e9t\u00e9 test\u00e9 positif lors du tournoi ATP 250 de Majorque le 22 juin et suspendu temporairement pour cela depuis le 4 ao\u00fbt.<\/p>\n<p>La dur\u00e9e de suspension par d\u00e9faut pour une infraction de ce type, commise hors comp\u00e9tition comme \u00e9tabli par l&rsquo;agence, est de trois mois. Mais l&rsquo;ITIA a expliqu\u00e9 jeudi avoir d\u00e9cid\u00e9 de la r\u00e9duire \u00e0 un mois \u00e0 condition que le joueur suive une d\u00e9marche de soins.<\/p>\n<p>&lsquo;Kyrgios s&rsquo;est engag\u00e9 dans un programme de traitement&rsquo;, a annonc\u00e9 l&rsquo;autorit\u00e9 dans un communiqu\u00e9, &lsquo;\u00e0 ce titre, la suspension du joueur prend fin le 3 septembre 2026 (soit jeudi), sous r\u00e9serve de l&rsquo;ach\u00e8vement du programme. Les primes et les points de classement obtenus lors du tournoi de Majorque lui seront retir\u00e9s.&rsquo;<\/p>\n<p>L&rsquo;agence antidopage a indiqu\u00e9 que Nick Kyrgios avait expliqu\u00e9 que sa consommation de coca\u00efne s&rsquo;\u00e9tait produite dans un contexte social, lors d&rsquo;une soir\u00e9e avant qu&rsquo;il ne doive disputer un match \u00e0 Majorque.<\/p>\n<p>L&rsquo;ITIA a consult\u00e9 un expert scientifique ind\u00e9pendant au sein d&rsquo;un laboratoire accr\u00e9dit\u00e9 par l&rsquo;Agence mondiale antidopage (AMA), qui a estim\u00e9 que son explication \u00e9tait coh\u00e9rente avec le taux de coca\u00efne d\u00e9tect\u00e9 dans son \u00e9chantillon. &lsquo;En cons\u00e9quence, l&rsquo;ITIA a admis que la consommation de coca\u00efne par Kyrgios avait eu lieu hors comp\u00e9tition&rsquo;, a d\u00e9clar\u00e9 l&rsquo;agence du tennis.<\/p>\n<p>&lsquo;Une \u00e9norme erreur&rsquo;<\/p>\n<p>Cette suspension constitue le dernier \u00e9pisode en date d&rsquo;une carri\u00e8re \u00e9maill\u00e9e de frasques, mais aussi de blessures et probl\u00e8mes de sant\u00e9 mentale. A l&rsquo;annonce de sa suspension cet \u00e9t\u00e9, le joueur avait admis &lsquo;une \u00e9norme erreur&rsquo; dans une publication sur Instagram et pr\u00e9sent\u00e9 ses excuses \u00e0 ses proches et fans, et aux &lsquo;enfants&rsquo; qui le suivent.<\/p>\n<p>Sans se &lsquo;chercher d&rsquo;excuses&rsquo;, il avait \u00e9voqu\u00e9 les nombreuses blessures l&rsquo;ayant &lsquo;\u00e9norm\u00e9ment affect\u00e9 aussi bien physiquement que mentalement&rsquo; ces derni\u00e8res ann\u00e9es, qui ont vu l&rsquo;Australien tomber \u00e0 la 918e place du classement ATP.<\/p>\n<p>Le redoutable serveur, vainqueur de sept tournois en simple, est l&rsquo;un des rares joueurs \u00e0 avoir remport\u00e9 des victoires sur le circuit professionnel face au &lsquo;Big Four&rsquo; (Federer, Nadal, Djokovic et Murray). Mais l&rsquo;Australien a tr\u00e8s peu fr\u00e9quent\u00e9 les courts ces derni\u00e8res saisons.<\/p>\n<p> \/ATS<\/p>\n","protected":false},"excerpt":{"rendered":"Nick Kyrgios a \u00e9t\u00e9 suspendu un mois apr\u00e8s un contr\u00f4le positif \u00e0 la coca\u00efne, a annonc\u00e9 jeudi l&rsquo;Agence&hellip;\n","protected":false},"author":2,"featured_media":292547,"comment_status":"","ping_status":"","sticky":false,"template":"","format":"standard","meta":{"footnotes":"","_share_on_mastodon":"0"},"categories":[8],"tags":[121,124,128,119,122,123,118,136,132,131,133,130,135,120,126,117,125,114,115,116,75,23,129,127,134],"class_list":["post-292546","post","type-post","status-publish","format-standard","has-post-thumbnail","category-sports","tag-ajoie","tag-animation","tag-bienne","tag-delemont","tag-franches-montagnes","tag-frequence","tag-jura","tag-jura-bernois","tag-la-chaux-de-fonds","tag-moutier","tag-neuchatel","tag-neuveville","tag-payerne","tag-porrentruy","tag-publicite","tag-radio","tag-redaction","tag-rfj","tag-rjb","tag-rtn","tag-sports","tag-suisse","tag-tavannes","tag-vallon-de-st-imier","tag-yverdon"],"share_on_mastodon":{"url":"https:\/\/pubeurope.com\/@ch_fr\/117216757807910061","error":""},"_links":{"self":[{"href":"https:\/\/www.europesays.com\/ch-fr\/wp-json\/wp\/v2\/posts\/292546","targetHints":{"allow":["GET"]}}],"collection":[{"href":"https:\/\/www.europesays.com\/ch-fr\/wp-json\/wp\/v2\/posts"}],"about":[{"href":"https:\/\/www.europesays.com\/ch-fr\/wp-json\/wp\/v2\/types\/post"}],"author":[{"embeddable":true,"href":"https:\/\/www.europesays.com\/ch-fr\/wp-json\/wp\/v2\/users\/2"}],"replies":[{"embeddable":true,"href":"https:\/\/www.europesays.com\/ch-fr\/wp-json\/wp\/v2\/comments?post=292546"}],"version-history":[{"count":0,"href":"https:\/\/www.europesays.com\/ch-fr\/wp-json\/wp\/v2\/posts\/292546\/revisions"}],"wp:featuredmedia":[{"embeddable":true,"href":"https:\/\/www.europesays.com\/ch-fr\/wp-json\/wp\/v2\/media\/292547"}],"wp:attachment":[{"href":"https:\/\/www.europesays.com\/ch-fr\/wp-json\/wp\/v2\/media?parent=292546"}],"wp:term":[{"taxonomy":"category","embeddable":true,"href":"https:\/\/www.europesays.com\/ch-fr\/wp-json\/wp\/v2\/categories?post=292546"},{"taxonomy":"post_tag","embeddable":true,"href":"https:\/\/www.europesays.com\/ch-fr\/wp-json\/wp\/v2\/tags?post=292546"}],"curies":[{"name":"wp","href":"https:\/\/api.w.org\/{rel}","templated":true}]}}