{"id":292552,"date":"2026-09-05T05:31:12","date_gmt":"2026-09-05T05:31:12","guid":{"rendered":"https:\/\/www.europesays.com\/ch-fr\/292552\/"},"modified":"2026-09-05T05:31:12","modified_gmt":"2026-09-05T05:31:12","slug":"merveilleusement-suisse-un-peu-fou-il-nage-au-travail-en-nettoyant-les-eaux-de-zurich","status":"publish","type":"post","link":"https:\/\/www.europesays.com\/ch-fr\/292552\/","title":{"rendered":"\u00ab\u00a0Merveilleusement suisse, un peu fou\u00a0\u00bb : il nage au travail en nettoyant les eaux de Zurich"},"content":{"rendered":"<p>  Par&amp;nbsp<a href=\"https:\/\/fr.euronews.com\/profils\/2562\" rel=\"nofollow noopener\" target=\"_blank\">Angela Symons<\/a>&amp;nbsp&amp;&amp;nbspMisha Gurov<\/p>\n<p>\n         Publi\u00e9 le<br \/>\n            05\/09\/2026 &#8211; 7:03 UTC+2\n            <\/p>\n<p>Lorsqu&rsquo;il a appris que certains navetteurs suisses se rendaient au travail \u00e0 la nage, le professionnel de l&rsquo;informatique Mischa Gurov se souvient s&rsquo;\u00eatre dit que c&rsquo;\u00e9tait \u00ab\u00a0typiquement suisse &#8211; et un peu fou\u00a0\u00bb.<\/p>\n<p>          <img decoding=\"async\" class=\"c-ad__placeholder__logo\" src=\"https:\/\/static.euronews.com\/website\/images\/logos\/logo-euronews-stacked-outlined-72x72-grey-9.svg\" width=\"72\" height=\"72\" alt=\"\" loading=\"lazy\"\/><br \/>\n          PUBLICIT\u00c9<\/p>\n<p>          <img decoding=\"async\" class=\"c-ad__placeholder__logo\" src=\"https:\/\/static.euronews.com\/website\/images\/logos\/logo-euronews-stacked-outlined-72x72-grey-9.svg\" width=\"72\" height=\"72\" alt=\"\" loading=\"lazy\"\/><br \/>\n          PUBLICIT\u00c9<\/p>\n<p>Aujourd&rsquo;hui, ce Russe d&rsquo;origine en fait partie.<\/p>\n<p>Apr\u00e8s avoir emm\u00e9nag\u00e9 \u00e0 Zurich en 2019, il a d\u00e9cid\u00e9 de troquer les trams bond\u00e9s et les trains contre une baignade rafra\u00eechissante dans l&rsquo;ancien foss\u00e9 de la ville.<\/p>\n<p>Quand la m\u00e9t\u00e9o le permet, il prend les transports publics jusqu&rsquo;au centre-ville, se met en tenue de bain et, avec ses affaires dans un sac \u00e9tanche, il se jette dans le Schanzengraben (un ancien foss\u00e9 de fortification) pour les 1,35 derniers kilom\u00e8tres de son <a href=\"https:\/\/fr.euronews.com\/2025\/09\/22\/course-contre-la-montre-combien-de-temps-faut-il-aux-europeens-pour-se-rendre-au-travail\" rel=\"nofollow noopener\" target=\"_blank\">trajet<\/a>.<\/p>\n<p>\u00ab\u00a0C&rsquo;est la meilleure fa\u00e7on de commencer une journ\u00e9e de travail\u00a0\u00bb, confie Mischa \u00e0 Euronews Earth. \u00ab\u00a0Parfois je vois le lever du soleil sur le lac avant de nager ou j&rsquo;observe des cygnes prendre leur bain matinal. D&rsquo;autres fois, plusieurs poissons nagent avec moi sur de nombreux m\u00e8tres, c&rsquo;est vraiment un sentiment d&rsquo;harmonie tr\u00e8s particulier.\u00a0\u00bb<\/p>\n<p>Depuis le d\u00e9but de l&rsquo;ann\u00e9e, il a d\u00e9j\u00e0 parcouru plus de 60 kilom\u00e8tres \u00e0 la nage. Mais les faibles niveaux d&rsquo;eau <a href=\"https:\/\/fr.euronews.com\/2026\/07\/23\/etes-brulants-et-secs-la-chaleur-plus-que-la-pluie-provoque-desormais-les-secheresses-en-e\" rel=\"nofollow noopener\" target=\"_blank\">dus \u00e0 la s\u00e9cheresse<\/a> de cet \u00e9t\u00e9 lui ont donn\u00e9 un nouveau regard sur son trajet.<\/p>\n<p>\u00ab\u00a0Une partie de la ville difficile \u00e0 voir depuis la rue\u00a0\u00bb<\/p>\n<p>Le long du canal, trams, <a href=\"https:\/\/fr.euronews.com\/2026\/08\/19\/a-velo-le-long-du-danube-frappe-par-la-secheresse-des-lueurs-despoir\" rel=\"nofollow noopener\" target=\"_blank\">v\u00e9los<\/a>, bureaux et passants animent Zurich.<\/p>\n<p>Mais en emportant une cam\u00e9ra sous-marine lors d&rsquo;un r\u00e9cent trajet, Mischa a d\u00e9couvert \u00ab\u00a0des poissons, de vieux murs de pierre et une partie de la ville beaucoup plus difficile \u00e0 voir depuis la rue\u00a0\u00bb.<\/p>\n<p>\u00ab\u00a0Je me suis rendu compte que la <a href=\"https:\/\/fr.euronews.com\/2026\/07\/02\/pigeons-grenouilles-et-coleopteres-debattent-a-milan-des-droits-des-animaux-urbains\" rel=\"nofollow noopener\" target=\"_blank\">nature<\/a> ne se trouve pas forc\u00e9ment quelque part, loin, dans un oc\u00e9an, une for\u00eat tropicale ou \u00e0 la montagne. Parfois, il existe tout un monde qui vit presque inaper\u00e7u sous un pont que les gens empruntent chaque jour\u00a0\u00bb, raconte-t-il.<\/p>\n<p>Il a m\u00eame r\u00e9ussi \u00e0 photographier un gros poisson qu&rsquo;il a ensuite identifi\u00e9, avec l&rsquo;aide du service communal de gestion des d\u00e9chets et de protection de l&rsquo;eau Entsorgung + Recycling Z\u00fcrich (ERZ), comme l&rsquo;une des rares truites fario du Schanzengraben.<\/p>\n<p>Ces poissons ont besoin d&rsquo;une eau propre, fra\u00eeche et riche en oxyg\u00e8ne pour survivre ; leur pr\u00e9sence t\u00e9moigne donc de la qualit\u00e9 de l&rsquo;eau. Mais le manque d&rsquo;attention port\u00e9e \u00e0 leur monde cach\u00e9 pourrait la mettre en danger.<\/p>\n<p>500 m\u00e9gots sur 30 m\u00e8tres de Schanzengraben<\/p>\n<p>Depuis longtemps, Mischa est exasp\u00e9r\u00e9 par les d\u00e9chets laiss\u00e9s dans les endroits qu&rsquo;il affectionne.<\/p>\n<p>Alors qu&rsquo;il vivait \u00e0 Londres en 2018, il a lanc\u00e9 une p\u00e9tition contre les incivilit\u00e9s pour nettoyer Richmond Park et la Tamise.<\/p>\n<p>Le m\u00eame probl\u00e8me est devenu difficile \u00e0 ignorer \u00e0 Zurich.<\/p>\n<p>Au d\u00e9but de l&rsquo;\u00e9t\u00e9, il a voulu mesurer combien de m\u00e9gots il pouvait ramasser le long d&rsquo;un court tron\u00e7on du Schanzengraben. En 30 minutes, sur environ 30 m\u00e8tres, il en a collect\u00e9 plus de 500.<\/p>\n<p>Les m\u00e9gots de cigarette sont les d\u00e9chets les plus fr\u00e9quemment jet\u00e9s en Suisse : plus de six milliards sont abandonn\u00e9s chaque ann\u00e9e dans l&rsquo;environnement, pour un co\u00fbt de nettoyage estim\u00e9 \u00e0 53 millions de francs suisses (56 millions d&rsquo;euros). Dans l&rsquo;eau, les toxines qu&rsquo;ils lib\u00e8rent peuvent \u00eatre mortelles pour les poissons.<\/p>\n","protected":false},"excerpt":{"rendered":"Par&amp;nbspAngela Symons&amp;nbsp&amp;&amp;nbspMisha Gurov Publi\u00e9 le 05\/09\/2026 &#8211; 7:03 UTC+2 Lorsqu&rsquo;il a appris que certains navetteurs suisses se rendaient&hellip;\n","protected":false},"author":2,"featured_media":292553,"comment_status":"","ping_status":"","sticky":false,"template":"","format":"standard","meta":{"footnotes":"","_share_on_mastodon":"0"},"categories":[16],"tags":[16375,4587,2662,2603,23,32],"class_list":["post-292552","post","type-post","status-publish","format-standard","has-post-thumbnail","category-zurich","tag-natation","tag-poisson","tag-pollution","tag-riviere","tag-suisse","tag-zurich"],"share_on_mastodon":{"url":"https:\/\/pubeurope.com\/@ch_fr\/117216797669281288","error":""},"_links":{"self":[{"href":"https:\/\/www.europesays.com\/ch-fr\/wp-json\/wp\/v2\/posts\/292552","targetHints":{"allow":["GET"]}}],"collection":[{"href":"https:\/\/www.europesays.com\/ch-fr\/wp-json\/wp\/v2\/posts"}],"about":[{"href":"https:\/\/www.europesays.com\/ch-fr\/wp-json\/wp\/v2\/types\/post"}],"author":[{"embeddable":true,"href":"https:\/\/www.europesays.com\/ch-fr\/wp-json\/wp\/v2\/users\/2"}],"replies":[{"embeddable":true,"href":"https:\/\/www.europesays.com\/ch-fr\/wp-json\/wp\/v2\/comments?post=292552"}],"version-history":[{"count":0,"href":"https:\/\/www.europesays.com\/ch-fr\/wp-json\/wp\/v2\/posts\/292552\/revisions"}],"wp:featuredmedia":[{"embeddable":true,"href":"https:\/\/www.europesays.com\/ch-fr\/wp-json\/wp\/v2\/media\/292553"}],"wp:attachment":[{"href":"https:\/\/www.europesays.com\/ch-fr\/wp-json\/wp\/v2\/media?parent=292552"}],"wp:term":[{"taxonomy":"category","embeddable":true,"href":"https:\/\/www.europesays.com\/ch-fr\/wp-json\/wp\/v2\/categories?post=292552"},{"taxonomy":"post_tag","embeddable":true,"href":"https:\/\/www.europesays.com\/ch-fr\/wp-json\/wp\/v2\/tags?post=292552"}],"curies":[{"name":"wp","href":"https:\/\/api.w.org\/{rel}","templated":true}]}}