{"id":292566,"date":"2026-09-05T05:40:11","date_gmt":"2026-09-05T05:40:11","guid":{"rendered":"https:\/\/www.europesays.com\/ch-fr\/292566\/"},"modified":"2026-09-05T05:40:11","modified_gmt":"2026-09-05T05:40:11","slug":"christian-piccaluga-decouvre-un-cepe-geant-de-1687-kg-en-leventine","status":"publish","type":"post","link":"https:\/\/www.europesays.com\/ch-fr\/292566\/","title":{"rendered":"Christian Piccaluga d\u00e9couvre un c\u00e8pe g\u00e9ant de 1,687 kg en L\u00e9ventine"},"content":{"rendered":"<p type=\"textBlockArray\" class=\"sc-96fb0400-2 bwOXSg\">Cette d\u00e9couverte devrait faire r\u00eaver les amateurs de champignons. Christian Piccaluga a d\u00e9nich\u00e9 un c\u00e8pe g\u00e9ant dans la L\u00e9ventine, au Tessin. Et le sp\u00e9cimen affiche un poids impressionnant sur la balance: 1,687 kilo, rapporte le portail tessinois\u00a0<a target=\"_blank\" href=\"https:\/\/www.tio.ch\/ticino\/attualita\/1947980\/un-megaporcino-da-quasi-1-7-kg-nei-boschi-della-sua-infanzia\" rel=\"noopener noreferrer nofollow\">Tio<\/a>.<\/p>\n<p type=\"textBlockArray\" class=\"sc-96fb0400-2 bwOXSg\">Le lieu de cette trouvaille a une saveur particuli\u00e8re pour Christian Piccaluga. C&rsquo;est dans ces m\u00eames bois qu&rsquo;il partait \u00e0 la recherche de champignons avec son grand-p\u00e8re lorsqu&rsquo;il \u00e9tait enfant. Des ann\u00e9es plus tard, il a d\u00e9cid\u00e9 de retourner sur les traces de son enfance et de prospecter autour d&rsquo;un pin bien particulier. C&rsquo;est pr\u00e9cis\u00e9ment \u00e0 cet endroit que son grand-p\u00e8re lui avait autrefois appris \u00e0 d\u00e9nicher les pr\u00e9cieux champignons.<\/p>\n<p>\u00c0 sept grammes de son record personnel<\/p>\n<p type=\"textBlockArray\" class=\"sc-96fb0400-2 bwOXSg\">\u00abEt soudain, exactement comme \u00e0 l&rsquo;\u00e9poque, la nature a d\u00e9cid\u00e9 de m&rsquo;offrir ces joyaux\u00bb, raconte Christian Piccaluga sur les r\u00e9seaux sociaux. Ce c\u00e8pe de pr\u00e8s de 1,7 kilo vient couronner une s\u00e9rie de sorties particuli\u00e8rement fructueuses durant les mois d&rsquo;ao\u00fbt et de septembre.<\/p>\n<p type=\"textBlockArray\" class=\"sc-96fb0400-2 bwOXSg\">Aussi spectaculaire soit-il, le champignon n&rsquo;est pourtant pas le plus gros jamais trouv\u00e9 par le Tessinois. Son record personnel remonte \u00e0 quatre ans, lorsqu&rsquo;il avait d\u00e9couvert au Monte Generoso un c\u00e8pe pesant 1,694 kilo. Sa nouvelle trouvaille \u00e9choue donc \u00e0 seulement sept petits grammes du record.<\/p>\n<p>Une saison 2026 qui s&rsquo;annonce prometteuse<\/p>\n<p type=\"textBlockArray\" class=\"sc-96fb0400-2 bwOXSg\">Les amateurs de champignons pourraient avoir tout int\u00e9r\u00eat \u00e0 chausser leurs bottes cette ann\u00e9e. Les sp\u00e9cialistes s&rsquo;attendent en effet \u00e0 une bonne saison 2026. Apr\u00e8s un \u00e9t\u00e9 particuli\u00e8rement sec, les pr\u00e9cipitations de la fin du mois d&rsquo;ao\u00fbt ont cr\u00e9\u00e9 des conditions favorables \u00e0 leur apparition. Les temp\u00e9ratures \u00e9lev\u00e9es devraient \u00e9galement contribuer \u00e0 leur d\u00e9veloppement. Au Tessin, les meilleures chances de remplir son panier se situeraient actuellement en altitude et dans le Sopraceneri.<\/p>\n<p>Aimez-vous cueillir des champignons?<\/p>\n<p type=\"textBlockArray\" class=\"sc-96fb0400-2 bwOXSg\">Attention toutefois \u00e0 ne pas avoir les yeux plus gros que le panier. Au Tessin, la r\u00e9colte est limit\u00e9e \u00e0 trois kilos de champignons par personne. Dans les Grisons, la limite est fix\u00e9e \u00e0 deux kilos et la cueillette est interdite du 1er au 10 de chaque mois. Dans le canton de Zurich, la quantit\u00e9 maximale autoris\u00e9e est d&rsquo;un kilo. Les r\u00e8gles variant d&rsquo;un canton \u00e0 l&rsquo;autre, mieux vaut donc se renseigner avant de partir en for\u00eat.<\/p>\n","protected":false},"excerpt":{"rendered":"Cette d\u00e9couverte devrait faire r\u00eaver les amateurs de champignons. Christian Piccaluga a d\u00e9nich\u00e9 un c\u00e8pe g\u00e9ant dans la&hellip;\n","protected":false},"author":2,"featured_media":292567,"comment_status":"","ping_status":"","sticky":false,"template":"","format":"standard","meta":{"footnotes":"","_share_on_mastodon":"0"},"categories":[7],"tags":[61,57,59,58,23,60,62],"class_list":["post-292566","post","type-post","status-publish","format-standard","has-post-thumbnail","category-sciences-et-technologies","tag-science","tag-science-and-technology","tag-sciences","tag-sciences-et-technologies","tag-suisse","tag-technologies","tag-technology"],"share_on_mastodon":{"url":"https:\/\/pubeurope.com\/@ch_fr\/117216832846165773","error":""},"_links":{"self":[{"href":"https:\/\/www.europesays.com\/ch-fr\/wp-json\/wp\/v2\/posts\/292566","targetHints":{"allow":["GET"]}}],"collection":[{"href":"https:\/\/www.europesays.com\/ch-fr\/wp-json\/wp\/v2\/posts"}],"about":[{"href":"https:\/\/www.europesays.com\/ch-fr\/wp-json\/wp\/v2\/types\/post"}],"author":[{"embeddable":true,"href":"https:\/\/www.europesays.com\/ch-fr\/wp-json\/wp\/v2\/users\/2"}],"replies":[{"embeddable":true,"href":"https:\/\/www.europesays.com\/ch-fr\/wp-json\/wp\/v2\/comments?post=292566"}],"version-history":[{"count":0,"href":"https:\/\/www.europesays.com\/ch-fr\/wp-json\/wp\/v2\/posts\/292566\/revisions"}],"wp:featuredmedia":[{"embeddable":true,"href":"https:\/\/www.europesays.com\/ch-fr\/wp-json\/wp\/v2\/media\/292567"}],"wp:attachment":[{"href":"https:\/\/www.europesays.com\/ch-fr\/wp-json\/wp\/v2\/media?parent=292566"}],"wp:term":[{"taxonomy":"category","embeddable":true,"href":"https:\/\/www.europesays.com\/ch-fr\/wp-json\/wp\/v2\/categories?post=292566"},{"taxonomy":"post_tag","embeddable":true,"href":"https:\/\/www.europesays.com\/ch-fr\/wp-json\/wp\/v2\/tags?post=292566"}],"curies":[{"name":"wp","href":"https:\/\/api.w.org\/{rel}","templated":true}]}}