{"id":292592,"date":"2026-09-05T06:12:27","date_gmt":"2026-09-05T06:12:27","guid":{"rendered":"https:\/\/www.europesays.com\/ch-fr\/292592\/"},"modified":"2026-09-05T06:12:27","modified_gmt":"2026-09-05T06:12:27","slug":"union-neuchatel-se-rassure-face-a-bale","status":"publish","type":"post","link":"https:\/\/www.europesays.com\/ch-fr\/292592\/","title":{"rendered":"Union Neuch\u00e2tel se rassure face \u00e0 B\u00e2le"},"content":{"rendered":"<p>La rencontre avait pourtant mal d\u00e9marr\u00e9 \u00e0 la Sportfabrique, \u00e0 Bienne. A la fin du premier quart, Union Neuch\u00e2tel \u00e9tait men\u00e9 14 \u00e0 21 par les B\u00e2lois de Starwings. Mais c\u2019est le troisi\u00e8me quart qui a mis les choses au clair et vu les Neuch\u00e2telois passer l\u2019\u00e9paule. Union s\u2019est finalement impos\u00e9 69 \u00e0 61. Une mani\u00e8re de se rassurer avant la reprise du championnat, \u00e0 la fin du mois, qui d\u00e9butera contre les champions en titre, Fribourg Olympic. \/bla<\/p>\n","protected":false},"excerpt":{"rendered":"La rencontre avait pourtant mal d\u00e9marr\u00e9 \u00e0 la Sportfabrique, \u00e0 Bienne. A la fin du premier quart, Union&hellip;\n","protected":false},"author":2,"featured_media":292593,"comment_status":"","ping_status":"","sticky":false,"template":"","format":"standard","meta":{"footnotes":"","_share_on_mastodon":"0"},"categories":[18],"tags":[121,124,175,176,128,119,122,123,118,136,132,131,133,130,135,120,126,117,125,114,115,116,23,129,127,134],"class_list":["post-292592","post","type-post","status-publish","format-standard","has-post-thumbnail","category-bale","tag-ajoie","tag-animation","tag-bale","tag-basel","tag-bienne","tag-delemont","tag-franches-montagnes","tag-frequence","tag-jura","tag-jura-bernois","tag-la-chaux-de-fonds","tag-moutier","tag-neuchatel","tag-neuveville","tag-payerne","tag-porrentruy","tag-publicite","tag-radio","tag-redaction","tag-rfj","tag-rjb","tag-rtn","tag-suisse","tag-tavannes","tag-vallon-de-st-imier","tag-yverdon"],"share_on_mastodon":{"url":"https:\/\/pubeurope.com\/@ch_fr\/117216958615548570","error":""},"_links":{"self":[{"href":"https:\/\/www.europesays.com\/ch-fr\/wp-json\/wp\/v2\/posts\/292592","targetHints":{"allow":["GET"]}}],"collection":[{"href":"https:\/\/www.europesays.com\/ch-fr\/wp-json\/wp\/v2\/posts"}],"about":[{"href":"https:\/\/www.europesays.com\/ch-fr\/wp-json\/wp\/v2\/types\/post"}],"author":[{"embeddable":true,"href":"https:\/\/www.europesays.com\/ch-fr\/wp-json\/wp\/v2\/users\/2"}],"replies":[{"embeddable":true,"href":"https:\/\/www.europesays.com\/ch-fr\/wp-json\/wp\/v2\/comments?post=292592"}],"version-history":[{"count":0,"href":"https:\/\/www.europesays.com\/ch-fr\/wp-json\/wp\/v2\/posts\/292592\/revisions"}],"wp:featuredmedia":[{"embeddable":true,"href":"https:\/\/www.europesays.com\/ch-fr\/wp-json\/wp\/v2\/media\/292593"}],"wp:attachment":[{"href":"https:\/\/www.europesays.com\/ch-fr\/wp-json\/wp\/v2\/media?parent=292592"}],"wp:term":[{"taxonomy":"category","embeddable":true,"href":"https:\/\/www.europesays.com\/ch-fr\/wp-json\/wp\/v2\/categories?post=292592"},{"taxonomy":"post_tag","embeddable":true,"href":"https:\/\/www.europesays.com\/ch-fr\/wp-json\/wp\/v2\/tags?post=292592"}],"curies":[{"name":"wp","href":"https:\/\/api.w.org\/{rel}","templated":true}]}}